{"id":121223,"date":"2021-07-13T09:30:02","date_gmt":"2021-07-13T13:30:02","guid":{"rendered":"https:\/\/linitiative.ca\/International\/reda-halib-le-wagon-a-booste-ma-carriere-dentrepreneur\/"},"modified":"2021-07-13T09:30:02","modified_gmt":"2021-07-13T13:30:02","slug":"reda-halib-le-wagon-a-booste-ma-carriere-dentrepreneur","status":"publish","type":"post","link":"https:\/\/linitiative.ca\/International\/reda-halib-le-wagon-a-booste-ma-carriere-dentrepreneur\/","title":{"rendered":"Reda Halib : \u00abLe Wagon a boost\u00e9 ma carri\u00e8re d\u2019entrepreneur\u00bb"},"content":{"rendered":"<div>\n<p><img decoding=\"async\" width=\"300\" height=\"153\" src=\"https:\/\/linitiative.ca\/International\/wp-content\/uploads\/sites\/23\/2021\/07\/reda-Halib-300x153-1.jpg\" class=\"attachment-medium size-medium wp-post-image\" alt=\"\" loading=\"lazy\" srcset=\"\/\/aujourdhui.ma\/wp-content\/uploads\/2021\/07\/reda-Halib-300x153.jpg 300w, \/\/aujourdhui.ma\/wp-content\/uploads\/2021\/07\/reda-Halib-274x140.jpg 274w, \/\/aujourdhui.ma\/wp-content\/uploads\/2021\/07\/reda-Halib.jpg 746w, \/\/aujourdhui.ma\/wp-content\/uploads\/2021\/07\/reda-Halib-165x84.jpg 165w, \/\/aujourdhui.ma\/wp-content\/uploads\/2021\/07\/reda-Halib-702x358.jpg 702w\" sizes=\"auto, (max-width: 300px) 100vw, 300px\"><\/p>\n<p><span style=\"color: #800000; font-size: 18px;\"><strong>Entretien avec Reda Halib, cofondateur et directeur g\u00e9n\u00e9ral d\u2019Allo Garant<\/strong><\/span><\/p>\n<div class=\"base-box mom_box_sc_custom mom_box_sc clear\" style=\"-moz-border-radius: 5px; border-radius: 5px;background-color:#fddeef;\">\n<p>Reda Halib, serial tech entrepreneur, est laur\u00e9at de la premi\u00e8re promotion du Wagon Casablanca. Apr\u00e8s une carri\u00e8re de 7 ans au sein d\u2019un cabinet de conseil technique, ce double dipl\u00f4m\u00e9 en ing\u00e9nierie de l\u2019universit\u00e9 Pierre et Marie Curie et en entrepreneuriat de l\u2019EMLyon Business School, a eu le privil\u00e8ge d\u2019\u00eatre mentor\u00e9 par le VP de Goldman Sachs lors de sa formation au sein de la Startup School de Y Combinator. Ce qui l\u2019a pouss\u00e9 \u00e0 faire Le Wagon c\u2019est cette n\u00e9cessit\u00e9 de pouvoir \u00abprototyper toutes ses id\u00e9es\u00bb et lancer des MVPs en quelques jours. Il d\u00e9cida avec sa femme de tout plaquer pour lancer leur startup Winwinly au sein de Collision Conference \u00e0 Toronto devant M. Trudeau en tant que l\u2019une des startups canadiennes les plus en vogue. Apr\u00e8s avoir \u00e9t\u00e9 accept\u00e9 au prestigieux founders programme de Station F, il se r\u00e9installa \u00e0 Paris pour disrupter l\u2019\u00e9cosyst\u00e8me des achats de billets d\u2019avion en B2C. Apr\u00e8s avoir \u00e9t\u00e9 \u00e0 deux doigts de signer un gros deal avec la Royal Air Maroc, la Covid lui barra la route et il se retrouva coinc\u00e9 pendant 110 jours \u00e0 Casablanca avec toute sa famille. Apr\u00e8s quelques s\u00e9ances de brainstorming avec son meilleur ami, il d\u00e9cida de lancer Allo Garant avec comme mission de se porter garant aupr\u00e8s des bailleurs pour tous les \u00e9tudiants et salari\u00e9s africains qui s\u2019installent en France. Le d\u00e9nominateur en commun de toutes ses aventures entrepreneuriales est ind\u00e9niablement cette capacit\u00e9 \u00e0 \u00eatre totalement ind\u00e9pendant techniquement parlant, ce qui est consid\u00e9r\u00e9 comme un avantage non n\u00e9gligeable dans un cycle it\u00e9ratif<br \/>\n\u00e0 la Lean Startup.<\/p>\n<\/div>\n<p><strong><span style=\"color: #ff0000;\">ALM<\/span> : Au vu de votre parcours, vous \u00eates un entrepreneur et vous avez lanc\u00e9 pendant le confinement \u00ab Allo Garant \u00bb. O\u00f9 en \u00eates-vous aujourd\u2019hui?<\/strong><\/p>\n<p><strong><span style=\"color: #ff0000;\">Reda Halib<\/span><\/strong> : La compl\u00e9mentarit\u00e9 de notre Dream Team nous a permis de vite d\u00e9ployer www.allogarant.com et de prouver le concept durant l\u2019\u00e9t\u00e9 2020. Dans un contexte sanitaire difficile, la rapidit\u00e9 d\u2019ex\u00e9cution coupl\u00e9e \u00e0 des chiffres honorables ont convaincu l\u2019acc\u00e9l\u00e9rateur \u00e0 dimension africaine H. Seven de nous retenir dans leur programme Innov Idea port\u00e9 par la CCG. Depuis janvier, nous avons \u00e9toff\u00e9 notre offre avec le lancement de la chasse d\u2019appartements pour nos clients premium qui pr\u00e9f\u00e8rent louer \u00e0 leurs enfants sans stress et \u00ab\u00e0 distance\u00bb.<\/p>\n<p><strong>Qu\u2019est-ce qui vous a pouss\u00e9 \u00e0 faire un bootcamp sur le coding? Pourquoi la n\u00e9cessit\u00e9 d\u2019apprendre \u00e0 coder pour un entrepreneur?<\/strong><\/p>\n<p>L\u2019ambition de pouvoir \u00abprototyper toutes ses id\u00e9es \u00bb en totale autonomie et de pouvoir lancer des MVPs (Minimum Viable Product) en quelques jours ont \u00e9t\u00e9 les principales raisons qui m\u2019ont pouss\u00e9 \u00e0 apprendre \u00e0 coder. Un entrepreneur doit pouvoir lancer la solution tr\u00e8s vite afin de tester le plus rapidement possible la r\u00e9action du march\u00e9 et \u00eatre s\u00fbr qu\u2019il r\u00e9pond \u00e0 un besoin r\u00e9el. S\u2019il doit faire appel \u00e0 un d\u00e9veloppeur avec toute l\u2019\u00e9nergie que cela implique en termes de sourcing, NDA, lui expliquer les user stories \u00e0 impl\u00e9menter et attendre sans tester, il perd du temps et de l\u2019argent qu\u2019il aurait pu exploiter \u00e0 am\u00e9liorer progressivement son MVP (Minimum Viable Product) en fonction des feedbacks de ses premiers utilisateurs.<\/p>\n<p><strong>Pourquoi avez-vous choisi Le Wagon ?<\/strong><\/p>\n<p>J\u2019ai toujours \u00e9t\u00e9 d\u00e9favorable aux m\u00e9thodes classiques d\u2019enseignement surtout quand il s\u2019agit de cours de programmation, ce n\u2019est pas intuitif et compliqu\u00e9 pour ceux qui n\u2019ont pas fait de sp\u00e9cialit\u00e9 SI. Quand on assiste \u00e0 un meetup Le Wagon et qu\u2019on s\u2019aper\u00e7oit qu\u2019au bout de deux heures, nous sommes capables de cr\u00e9er \u00abfrom scratch\u00bb et de mani\u00e8re totalement ludique une landing page en HTML\/CSS, on se dit que finalement c\u2019\u00e9tait clairement un probl\u00e8me de m\u00e9thodologie. Contrairement aux parcours classiques d\u2019enseignement, Le Wagon nous apprend \u00e0 lancer de vraies applications apr\u00e8s quelques semaines de cours intensifs et nous donne acc\u00e8s \u00e0 une communaut\u00e9 et \u00e0 des opportunit\u00e9s \u00e0 l\u2019international.<\/p>\n<p><strong>Qu\u2019est-ce qui a chang\u00e9 pour vous apr\u00e8s Le Wagon, et qu\u2019avez-vous appris ?<\/strong><\/p>\n<p>Le wagon a boost\u00e9 ma carri\u00e8re d\u2019entrepreneur car il m\u2019a permis d\u2019avoir l\u2019assurance n\u00e9cessaire pour lancer toutes mes startups sans le stress de devoir \u00e0 tout prix trouver le fameux cofondateur technique (CTO), un profil tr\u00e8s rare de nos jours. J\u2019ai appris non seulement les bases n\u00e9cessaires pour lancer un MVP fonctionnel mais aussi toutes les \u00e9tapes \u00e0 suivre pour lancer un produit en cycle it\u00e9ratif \u00e0 la Lean Startup.<\/p>\n<p><strong>Quelques mots sur la communaut\u00e9 Le Wagon ?<\/strong><\/p>\n<p>J\u2019ai le privil\u00e8ge de faire partie de plusieurs communaut\u00e9s slack dont Station F, Startup School by Y Combinator et H. Seven mais celle du Wagon est ind\u00e9niablement la plus active. En tant qu\u2018Alumni, nous avons vraiment l\u2019impression de faire partie d\u2019une famille qui ne cesse de grandir dans les quatre coins du monde.<\/p>\n<p><strong>Que conseillez-vous aux entrepreneurs comme vous ?<\/strong><\/p>\n<p>De nos jours, le monde bouge tellement vite qu\u2019il faut sans cesse apprendre, d\u00e9sapprendre et r\u00e9apprendre. Donc, investissez sur vous-m\u00eame et votre retour sur investissement n\u2019aura aucune limite.<\/p>\n<\/div>\n<p>Auteur: ALM<br \/>\n<a href=\"https:\/\/aujourdhui.ma\/emploi\/reda-halib-le-wagon-a-booste-ma-carriere-dentrepreneur\">Cliquez ici pour lire l&rsquo;article depuis sa source.<\/a><\/p>\n","protected":false},"excerpt":{"rendered":"<p>Entretien avec Reda Halib, cofondateur et directeur g\u00e9n\u00e9ral d\u2019Allo Garant Reda Halib, serial tech entrepreneur, est laur\u00e9at de la premi\u00e8re promotion du Wagon Casablanca. Apr\u00e8s une carri\u00e8re de 7 ans au sein d\u2019un cabinet de conseil technique, ce double dipl\u00f4m\u00e9 en ing\u00e9nierie de l\u2019universit\u00e9 Pierre et Marie Curie et en entrepreneuriat de l\u2019EMLyon Business School, [&hellip;]<\/p>\n","protected":false},"author":1759,"featured_media":0,"comment_status":"closed","ping_status":"closed","sticky":false,"template":"","format":"standard","meta":{"fifu_image_url":"https:\/\/aujourdhui.ma\/wp-content\/uploads\/2021\/07\/reda-Halib-300x153.jpg","fifu_image_alt":"Reda Halib : \u00abLe Wagon a boost\u00e9 ma carri\u00e8re d\u2019entrepreneur\u00bb","footnotes":""},"categories":[73,54],"tags":[],"class_list":["post-121223","post","type-post","status-publish","format-standard","hentry","category-actualite","category-maroc"],"_links":{"self":[{"href":"https:\/\/linitiative.ca\/International\/wp-json\/wp\/v2\/posts\/121223","targetHints":{"allow":["GET"]}}],"collection":[{"href":"https:\/\/linitiative.ca\/International\/wp-json\/wp\/v2\/posts"}],"about":[{"href":"https:\/\/linitiative.ca\/International\/wp-json\/wp\/v2\/types\/post"}],"author":[{"embeddable":true,"href":"https:\/\/linitiative.ca\/International\/wp-json\/wp\/v2\/users\/1759"}],"replies":[{"embeddable":true,"href":"https:\/\/linitiative.ca\/International\/wp-json\/wp\/v2\/comments?post=121223"}],"version-history":[{"count":0,"href":"https:\/\/linitiative.ca\/International\/wp-json\/wp\/v2\/posts\/121223\/revisions"}],"wp:attachment":[{"href":"https:\/\/linitiative.ca\/International\/wp-json\/wp\/v2\/media?parent=121223"}],"wp:term":[{"taxonomy":"category","embeddable":true,"href":"https:\/\/linitiative.ca\/International\/wp-json\/wp\/v2\/categories?post=121223"},{"taxonomy":"post_tag","embeddable":true,"href":"https:\/\/linitiative.ca\/International\/wp-json\/wp\/v2\/tags?post=121223"}],"curies":[{"name":"wp","href":"https:\/\/api.w.org\/{rel}","templated":true}]}}