{"id":121225,"date":"2021-07-13T09:55:54","date_gmt":"2021-07-13T13:55:54","guid":{"rendered":"https:\/\/linitiative.ca\/International\/suite-a-la-vague-de-chaleur-record-de-la-puissance-electrique-appelee-au-niveau-national\/"},"modified":"2021-07-13T09:55:54","modified_gmt":"2021-07-13T13:55:54","slug":"suite-a-la-vague-de-chaleur-record-de-la-puissance-electrique-appelee-au-niveau-national","status":"publish","type":"post","link":"https:\/\/linitiative.ca\/International\/suite-a-la-vague-de-chaleur-record-de-la-puissance-electrique-appelee-au-niveau-national\/","title":{"rendered":"Suite \u00e0 la vague de chaleur: Record de la puissance \u00e9lectrique appel\u00e9e au niveau national"},"content":{"rendered":"<div>\n<p><img decoding=\"async\" width=\"300\" height=\"153\" src=\"https:\/\/linitiative.ca\/International\/wp-content\/uploads\/sites\/23\/2021\/07\/Electricite-300x153-1.jpg\" class=\"attachment-medium size-medium wp-post-image\" alt=\"\" loading=\"lazy\" srcset=\"\/\/aujourdhui.ma\/wp-content\/uploads\/2019\/07\/Electricite-300x153.jpg 300w, \/\/aujourdhui.ma\/wp-content\/uploads\/2019\/07\/Electricite.jpg 746w\" sizes=\"auto, (max-width: 300px) 100vw, 300px\"><\/p>\n<p><span style=\"color: #800000;\"><span style=\"font-size: 20px;\"><strong>Net accroissement de la demande de l\u2019\u00e9nergie \u00e9lectrique au Maroc en cette p\u00e9riode estivale.<\/strong><\/span><span id=\"more-381583\"><\/span><\/span><\/p>\n<p>Cette tendance relev\u00e9e par l\u2019ONEE s\u2019explique par une utilisation massive de la climatisation dans les secteurs tertiaire et r\u00e9sidentiel et des pompages agricoles pour les besoins d\u2019irrigation et ce, en raison des fortes chaleurs qu\u2019enregistrent actuellement la quasi-totalit\u00e9 des r\u00e9gions du Royaume. \u00ab Depuis le d\u00e9but de la semaine du 05 juillet 2021, le Maroc a connu une vague de chaleur ayant entra\u00een\u00e9 une hausse de la consommation de l\u2019\u00e9lectricit\u00e9. C\u2019est ainsi que le record de la pointe du soir a \u00e9t\u00e9 enregistr\u00e9 le 12 juillet 2021 et a atteint 6 710 MW \u00e0 21h45 soit une hausse de 270 MW par rapport \u00e0 celui de l\u2019ann\u00e9e 2020 \u00bb, indique l\u2019Office dans une r\u00e9cente communication.<\/p>\n<p>Et de poursuivre que durant la m\u00eame journ\u00e9e \u00ab la puissance maximale appel\u00e9e \u00e0 la pointe du matin a atteint 6.634 MW \u00e0 12h00, en hausse de 279 MW par rapport \u00e0 celle enregistr\u00e9e durant l\u2019ann\u00e9e pr\u00e9c\u00e9dente \u00bb. Rappelons que l\u2019ONEE, en tant que garant de l\u2019\u00e9quilibre offre-demande, d\u00e9veloppe continuellement son parc de production et dispose des capacit\u00e9s suffisantes pour faire face \u00e0 l\u2019\u00e9volution de la demande et ce, dans les meilleures conditions de co\u00fbt, de s\u00e9curit\u00e9 et de qualit\u00e9 de service.<\/p>\n<\/div>\n<p>Auteur: ALM<br \/>\n<a href=\"https:\/\/aujourdhui.ma\/economie\/suite-a-la-vague-de-chaleur-record-de-la-puissance-electrique-appelee-au-niveau-national\">Cliquez ici pour lire l&rsquo;article depuis sa source.<\/a><\/p>\n","protected":false},"excerpt":{"rendered":"<p>Net accroissement de la demande de l\u2019\u00e9nergie \u00e9lectrique au Maroc en cette p\u00e9riode estivale. Cette tendance relev\u00e9e par l\u2019ONEE s\u2019explique par une utilisation massive de la climatisation dans les secteurs tertiaire et r\u00e9sidentiel et des pompages agricoles pour les besoins d\u2019irrigation et ce, en raison des fortes chaleurs qu\u2019enregistrent actuellement la quasi-totalit\u00e9 des r\u00e9gions du [&hellip;]<\/p>\n","protected":false},"author":1759,"featured_media":0,"comment_status":"closed","ping_status":"closed","sticky":false,"template":"","format":"standard","meta":{"fifu_image_url":"https:\/\/aujourdhui.ma\/wp-content\/uploads\/2019\/07\/Electricite-300x153.jpg","fifu_image_alt":"Suite \u00e0 la vague de chaleur: Record de la puissance \u00e9lectrique appel\u00e9e au niveau national","footnotes":""},"categories":[73,54],"tags":[],"class_list":["post-121225","post","type-post","status-publish","format-standard","hentry","category-actualite","category-maroc"],"_links":{"self":[{"href":"https:\/\/linitiative.ca\/International\/wp-json\/wp\/v2\/posts\/121225","targetHints":{"allow":["GET"]}}],"collection":[{"href":"https:\/\/linitiative.ca\/International\/wp-json\/wp\/v2\/posts"}],"about":[{"href":"https:\/\/linitiative.ca\/International\/wp-json\/wp\/v2\/types\/post"}],"author":[{"embeddable":true,"href":"https:\/\/linitiative.ca\/International\/wp-json\/wp\/v2\/users\/1759"}],"replies":[{"embeddable":true,"href":"https:\/\/linitiative.ca\/International\/wp-json\/wp\/v2\/comments?post=121225"}],"version-history":[{"count":0,"href":"https:\/\/linitiative.ca\/International\/wp-json\/wp\/v2\/posts\/121225\/revisions"}],"wp:attachment":[{"href":"https:\/\/linitiative.ca\/International\/wp-json\/wp\/v2\/media?parent=121225"}],"wp:term":[{"taxonomy":"category","embeddable":true,"href":"https:\/\/linitiative.ca\/International\/wp-json\/wp\/v2\/categories?post=121225"},{"taxonomy":"post_tag","embeddable":true,"href":"https:\/\/linitiative.ca\/International\/wp-json\/wp\/v2\/tags?post=121225"}],"curies":[{"name":"wp","href":"https:\/\/api.w.org\/{rel}","templated":true}]}}