{"id":121227,"date":"2021-07-13T10:00:38","date_gmt":"2021-07-13T14:00:38","guid":{"rendered":"https:\/\/linitiative.ca\/International\/lecole-de-guerre-economique-paris-consacre-ses-2-premieres-promotions-africaines\/"},"modified":"2021-07-13T10:00:38","modified_gmt":"2021-07-13T14:00:38","slug":"lecole-de-guerre-economique-paris-consacre-ses-2-premieres-promotions-africaines","status":"publish","type":"post","link":"https:\/\/linitiative.ca\/International\/lecole-de-guerre-economique-paris-consacre-ses-2-premieres-promotions-africaines\/","title":{"rendered":"L\u2019Ecole de Guerre Economique Paris consacre ses 2 premi\u00e8res promotions africaines"},"content":{"rendered":"<div>\n<p><img decoding=\"async\" width=\"300\" height=\"153\" src=\"https:\/\/linitiative.ca\/International\/wp-content\/uploads\/sites\/23\/2021\/07\/ecole-de-guerre-economique-Paris-300x153-1.jpg\" class=\"attachment-medium size-medium wp-post-image\" alt=\"\" loading=\"lazy\" srcset=\"\/\/aujourdhui.ma\/wp-content\/uploads\/2021\/07\/ecole-de-guerre-economique-Paris-300x153.jpg 300w, \/\/aujourdhui.ma\/wp-content\/uploads\/2021\/07\/ecole-de-guerre-economique-Paris-274x140.jpg 274w, \/\/aujourdhui.ma\/wp-content\/uploads\/2021\/07\/ecole-de-guerre-economique-Paris.jpg 746w, \/\/aujourdhui.ma\/wp-content\/uploads\/2021\/07\/ecole-de-guerre-economique-Paris-165x84.jpg 165w, \/\/aujourdhui.ma\/wp-content\/uploads\/2021\/07\/ecole-de-guerre-economique-Paris-702x358.jpg 702w\" sizes=\"auto, (max-width: 300px) 100vw, 300px\"><\/p>\n<p><span style=\"color: #800000;\"><strong>La c\u00e9r\u00e9monie a eu lieu au Campus de Rabat<\/strong><\/span><span id=\"more-381549\"><\/span><\/p>\n<p>L\u2019Ecole de Guerre Economique Paris, Campus Rabat, a organis\u00e9, r\u00e9cemment, la c\u00e9r\u00e9monie de diplomation des 44 laur\u00e9ats de ses deux premi\u00e8res promotions, dirig\u00e9es par l\u2019expert en intelligence \u00e9conomique, Ali Mouta\u00efb. Ces 2 premi\u00e8res promotions baptis\u00e9es \u00abAtlas\u00bb b\u00e9n\u00e9ficieront d\u2019un parrainage d\u2019excellence en la personne de Driss Benhima. La MBA Management Strat\u00e9gique et Intelligence Economique dispens\u00e9e par l\u2019EGE Paris offre une bonne compr\u00e9hension des interactions entre des probl\u00e9matiques g\u00e9o\u00e9conomiques, concurrentielles et soci\u00e9tales, et permet de d\u00e9crypter les nouveaux ressorts de la comp\u00e9tition \u00e9conomique, les ruptures, les alliances et les coalitions, et aide \u00e0 identifier les m\u00e9thodes d\u2019expansion \u00e9conomiques et les nouvelles logiques de conqu\u00eate des march\u00e9s.<\/p>\n<\/div>\n<p>Auteur: ALM<br \/>\n<a href=\"https:\/\/aujourdhui.ma\/emploi\/lecole-de-guerre-economique-paris-consacre-ses-2-premieres-promotions-africaines\">Cliquez ici pour lire l&rsquo;article depuis sa source.<\/a><\/p>\n","protected":false},"excerpt":{"rendered":"<p>La c\u00e9r\u00e9monie a eu lieu au Campus de Rabat L\u2019Ecole de Guerre Economique Paris, Campus Rabat, a organis\u00e9, r\u00e9cemment, la c\u00e9r\u00e9monie de diplomation des 44 laur\u00e9ats de ses deux premi\u00e8res promotions, dirig\u00e9es par l\u2019expert en intelligence \u00e9conomique, Ali Mouta\u00efb. Ces 2 premi\u00e8res promotions baptis\u00e9es \u00abAtlas\u00bb b\u00e9n\u00e9ficieront d\u2019un parrainage d\u2019excellence en la personne de Driss Benhima. [&hellip;]<\/p>\n","protected":false},"author":1759,"featured_media":0,"comment_status":"closed","ping_status":"closed","sticky":false,"template":"","format":"standard","meta":{"fifu_image_url":"https:\/\/aujourdhui.ma\/wp-content\/uploads\/2021\/07\/ecole-de-guerre-economique-Paris-300x153.jpg","fifu_image_alt":"L\u2019Ecole de Guerre Economique Paris consacre ses 2 premi\u00e8res promotions africaines","footnotes":""},"categories":[73,54],"tags":[],"class_list":["post-121227","post","type-post","status-publish","format-standard","hentry","category-actualite","category-maroc"],"_links":{"self":[{"href":"https:\/\/linitiative.ca\/International\/wp-json\/wp\/v2\/posts\/121227","targetHints":{"allow":["GET"]}}],"collection":[{"href":"https:\/\/linitiative.ca\/International\/wp-json\/wp\/v2\/posts"}],"about":[{"href":"https:\/\/linitiative.ca\/International\/wp-json\/wp\/v2\/types\/post"}],"author":[{"embeddable":true,"href":"https:\/\/linitiative.ca\/International\/wp-json\/wp\/v2\/users\/1759"}],"replies":[{"embeddable":true,"href":"https:\/\/linitiative.ca\/International\/wp-json\/wp\/v2\/comments?post=121227"}],"version-history":[{"count":0,"href":"https:\/\/linitiative.ca\/International\/wp-json\/wp\/v2\/posts\/121227\/revisions"}],"wp:attachment":[{"href":"https:\/\/linitiative.ca\/International\/wp-json\/wp\/v2\/media?parent=121227"}],"wp:term":[{"taxonomy":"category","embeddable":true,"href":"https:\/\/linitiative.ca\/International\/wp-json\/wp\/v2\/categories?post=121227"},{"taxonomy":"post_tag","embeddable":true,"href":"https:\/\/linitiative.ca\/International\/wp-json\/wp\/v2\/tags?post=121227"}],"curies":[{"name":"wp","href":"https:\/\/api.w.org\/{rel}","templated":true}]}}