{"id":121235,"date":"2021-07-13T11:30:30","date_gmt":"2021-07-13T15:30:30","guid":{"rendered":"https:\/\/linitiative.ca\/International\/luniversite-hassan-ii-de-casablanca-et-technopark-promeuvent-lemployabilite-des-jeunes\/"},"modified":"2021-07-13T11:30:30","modified_gmt":"2021-07-13T15:30:30","slug":"luniversite-hassan-ii-de-casablanca-et-technopark-promeuvent-lemployabilite-des-jeunes","status":"publish","type":"post","link":"https:\/\/linitiative.ca\/International\/luniversite-hassan-ii-de-casablanca-et-technopark-promeuvent-lemployabilite-des-jeunes\/","title":{"rendered":"L\u2019Universit\u00e9 Hassan II de Casablanca et Technopark promeuvent l\u2019employabilit\u00e9 des jeunes"},"content":{"rendered":"<div>\n<p><img decoding=\"async\" width=\"300\" height=\"153\" src=\"https:\/\/linitiative.ca\/International\/wp-content\/uploads\/sites\/23\/2021\/07\/UH2C-Techno-7-300x153-1.jpg\" class=\"attachment-medium size-medium wp-post-image\" alt=\"\" loading=\"lazy\" srcset=\"\/\/aujourdhui.ma\/wp-content\/uploads\/2021\/07\/UH2C-Techno-7-300x153.jpg 300w, \/\/aujourdhui.ma\/wp-content\/uploads\/2021\/07\/UH2C-Techno-7-274x140.jpg 274w, \/\/aujourdhui.ma\/wp-content\/uploads\/2021\/07\/UH2C-Techno-7.jpg 746w, \/\/aujourdhui.ma\/wp-content\/uploads\/2021\/07\/UH2C-Techno-7-165x84.jpg 165w, \/\/aujourdhui.ma\/wp-content\/uploads\/2021\/07\/UH2C-Techno-7-702x358.jpg 702w\" sizes=\"auto, (max-width: 300px) 100vw, 300px\"><\/p>\n<p><span style=\"color: #800000;\"><strong>Une convention de partenariat visant \u00e0 promouvoir l\u2019employabilit\u00e9 des jeunes a \u00e9t\u00e9 sign\u00e9e mardi \u00e0 Casablanca entre l\u2019Universit\u00e9 Hassan II de Casablanca et Technopark.<\/strong><\/span><span id=\"more-381552\"><\/span><\/p>\n<p>L\u2019accord sign\u00e9 par la Pr\u00e9sidente de l\u2019Universit\u00e9 Hassan II de Casablanca, Awatif Hayar, et la directrice g\u00e9n\u00e9rale de Technopark, Lamia Benmakhlouf, vise \u00e0 instaurer une coop\u00e9ration \u00e0 m\u00eame de renforcer la relation entre l\u2019universit\u00e9 et le monde des entreprises. Dans une d\u00e9claration \u00e0 la presse, Mme Hayar s\u2019est f\u00e9licit\u00e9e de cette collaboration, une initiative qui s\u2019inscrit en droite ligne de la vision \u00e9clair\u00e9e de SM le Roi Mohammed VI, notant \u00e0 ce propos que le nouveau mod\u00e8le de d\u00e9veloppement promeut le capital humain, un des piliers des recommandations du rapport sur le NMD.<br \/>\n\u00abNous nous inscrivons parfaitement dans cette vision et le positionnement de l\u2019universit\u00e9 comme levier important de formation et d\u2019insertion des jeunes\u00bb, a-t-elle soulign\u00e9. Pour Mme Hayar, l\u2019accord vise \u00e0 promouvoir l\u2019employabilit\u00e9 et l\u2019insertion des jeunes en g\u00e9n\u00e9ral, et des \u00e9tudiants de l\u2019Universit\u00e9 Hassan II de Casablanca en particulier, soulignant que l\u2019universit\u00e9 porte un projet f\u00e9d\u00e9rateur qui comporte une strat\u00e9gie importante dans le cadre de cinq axes, \u00e0 savoir la e-gouvernance, l\u2019innovation, l\u2019insertion des \u00e9tudiants, l\u2019internationalisation et l\u2019inclusion.<\/p>\n<p>L\u2019universit\u00e9 dispose \u00e9galement de nombreuses infrastructures, notamment une plate-forme pour l\u2019insertion, l\u2019entrepreneuriat et l\u2019incubation, et trois centres d\u2019innovation et de transfert de technologie, a-t-elle dit, ajoutant que \u00abnous mutualisons nos infrastructures pour l\u2019insertion des jeunes de la r\u00e9gion de Casablanca et les \u00e9tudiants de l\u2019universit\u00e9\u00bb. Dans le m\u00eame ordre d\u2019id\u00e9es, Mme Benmakhlouf a soulign\u00e9 que Technopark encourage les jeunes \u00e0 prendre l\u2019initiative de cr\u00e9er leur propre entreprise, \u00e0 la lumi\u00e8re de la formation dispens\u00e9e par l\u2019universit\u00e9.<\/p>\n<p>Elle a not\u00e9 que l\u2019accord sign\u00e9 encourage les jeunes \u00e0 devenir de futurs entrepreneurs, faisant observer que les jeunes d\u2019aujourd\u2019hui travaillent sur des projets d\u2019un grand int\u00e9r\u00eat en se basant sur le facteur innovation. Elle a dans ce sens indiqu\u00e9 que Technopark ouvre ses portes \u00e0 ces jeunes, surtout s\u2019ils b\u00e9n\u00e9ficient d\u2019un accompagnement de l\u2019universit\u00e9 qui dispose actuellement de centres d\u2019incubation et de recherche, permettant aux jeunes d\u2019acqu\u00e9rir des comp\u00e9tences pour cr\u00e9er leur propre entreprise.<\/p>\n<\/div>\n<p>Auteur: ALM<br \/>\n<a href=\"https:\/\/aujourdhui.ma\/emploi\/luniversite-hassan-ii-de-casablanca-et-technopark-promeuvent-lemployabilite-des-jeunes\">Cliquez ici pour lire l&rsquo;article depuis sa source.<\/a><\/p>\n","protected":false},"excerpt":{"rendered":"<p>Une convention de partenariat visant \u00e0 promouvoir l\u2019employabilit\u00e9 des jeunes a \u00e9t\u00e9 sign\u00e9e mardi \u00e0 Casablanca entre l\u2019Universit\u00e9 Hassan II de Casablanca et Technopark. L\u2019accord sign\u00e9 par la Pr\u00e9sidente de l\u2019Universit\u00e9 Hassan II de Casablanca, Awatif Hayar, et la directrice g\u00e9n\u00e9rale de Technopark, Lamia Benmakhlouf, vise \u00e0 instaurer une coop\u00e9ration \u00e0 m\u00eame de renforcer la [&hellip;]<\/p>\n","protected":false},"author":1759,"featured_media":0,"comment_status":"closed","ping_status":"closed","sticky":false,"template":"","format":"standard","meta":{"fifu_image_url":"https:\/\/aujourdhui.ma\/wp-content\/uploads\/2021\/07\/UH2C-Techno-7-300x153.jpg","fifu_image_alt":"L\u2019Universit\u00e9 Hassan II de Casablanca et Technopark promeuvent l\u2019employabilit\u00e9 des jeunes","footnotes":""},"categories":[73,54],"tags":[],"class_list":["post-121235","post","type-post","status-publish","format-standard","hentry","category-actualite","category-maroc"],"_links":{"self":[{"href":"https:\/\/linitiative.ca\/International\/wp-json\/wp\/v2\/posts\/121235","targetHints":{"allow":["GET"]}}],"collection":[{"href":"https:\/\/linitiative.ca\/International\/wp-json\/wp\/v2\/posts"}],"about":[{"href":"https:\/\/linitiative.ca\/International\/wp-json\/wp\/v2\/types\/post"}],"author":[{"embeddable":true,"href":"https:\/\/linitiative.ca\/International\/wp-json\/wp\/v2\/users\/1759"}],"replies":[{"embeddable":true,"href":"https:\/\/linitiative.ca\/International\/wp-json\/wp\/v2\/comments?post=121235"}],"version-history":[{"count":0,"href":"https:\/\/linitiative.ca\/International\/wp-json\/wp\/v2\/posts\/121235\/revisions"}],"wp:attachment":[{"href":"https:\/\/linitiative.ca\/International\/wp-json\/wp\/v2\/media?parent=121235"}],"wp:term":[{"taxonomy":"category","embeddable":true,"href":"https:\/\/linitiative.ca\/International\/wp-json\/wp\/v2\/categories?post=121235"},{"taxonomy":"post_tag","embeddable":true,"href":"https:\/\/linitiative.ca\/International\/wp-json\/wp\/v2\/tags?post=121235"}],"curies":[{"name":"wp","href":"https:\/\/api.w.org\/{rel}","templated":true}]}}