{"id":121237,"date":"2021-07-12T14:00:00","date_gmt":"2021-07-12T18:00:00","guid":{"rendered":"https:\/\/linitiative.ca\/International\/le-taux-de-croissance-depend-beaucoup-de-la-volatilite-agricole\/"},"modified":"2021-07-12T14:00:00","modified_gmt":"2021-07-12T18:00:00","slug":"le-taux-de-croissance-depend-beaucoup-de-la-volatilite-agricole","status":"publish","type":"post","link":"https:\/\/linitiative.ca\/International\/le-taux-de-croissance-depend-beaucoup-de-la-volatilite-agricole\/","title":{"rendered":"Le taux de croissance d\u00e9pend beaucoup de la volatilit\u00e9 agricole"},"content":{"rendered":"<div>\n<p class=\"has-text-align-center has-vivid-red-color has-text-color\"><strong>Rapport sur le bilan de l\u2019action gouvernementale 2017-2021<\/strong><\/p>\n<p class=\"has-black-color has-text-color\"><strong>L\u2019\u00e9conomie marocaine a connu une croissance relativement stable ces derni\u00e8res ann\u00e9es, selon un rapport sur le bilan de l\u2019action gouvernementale 2017-2021. \u201cLe taux de croissance ne d\u00e9pend plus beaucoup de la volatilit\u00e9 de l\u2019activit\u00e9 agricole qui a \u00e9t\u00e9 impact\u00e9e par la s\u00e9cheresse pendant des ann\u00e9es, particuli\u00e8rement en 2019\u201d, ce qui t\u00e9moigne du d\u00e9veloppement qu\u2019ont connu plusieurs secteurs productifs notamment l\u2019automobile et l\u2019a\u00e9ronautique qui ont contribu\u00e9 \u00e0 la stabilisation de la croissance \u00e9conomique, rel\u00e8ve le rapport. En 2019, le Produit int\u00e9rieur brut (PIB) s\u2019est contract\u00e9 de 2,5%, apr\u00e8s des hausses respectives de 4,2% et de 3,1% en 2017 et 2018. Cette \u00e9volution s\u2019explique, d\u2019une part, par \u00e0 la baisse de la demande ext\u00e9rieure adress\u00e9e au Maroc et au ralentissement du flux des investissements \u00e9trangers directs (IDE) dans un contexte international marqu\u00e9 par des tensions g\u00e9opolitiques.<\/strong><\/p>\n<p class=\"has-black-color has-text-color\">D\u2019autre part, cela est d\u00fb au recul de la valeur ajout\u00e9e agricole de 5,8%, entra\u00eenant une contraction du revenu et de la demande int\u00e9rieure notamment en ce qui concerne la population rurale. Cette baisse a \u00e9t\u00e9 compens\u00e9e par l\u2019am\u00e9lioration continue de la valeur ajout\u00e9e des secteurs non agricoles, qui ont enregistr\u00e9 une augmentation de 3,8% en 2019 contre 2,9% en 2018.<\/p>\n<p class=\"has-black-color has-text-color\">Apr\u00e8s une contraction pr\u00e9vue de 6,3% en 2020, sous l\u2019effet de la crise sanitaire li\u00e9e au nouveau coronavirus, l\u2019\u00e9conomie marocaine devrait croitre de 5,3% au titre de 2021, a pr\u00e9cis\u00e9 le document, notant que l\u2019impact de la crise sanitaire sur la performance \u00e9conomique du Maroc est relativement limit\u00e9, en comparaison avec d\u2019autres pays de la r\u00e9gion.<\/p>\n<p class=\"has-black-color has-text-color\">Le document fait savoir en outre que le PIB national a connu une croissance annuelle remarquable de 3,7% entre 2007 et 2019, soit une croissance globale d\u00e9passant 55%. Ainsi, plusieurs \u00e9tudes et rapports internationaux estiment que la croissance sera plus soutenue gr\u00e2ce notamment \u00e0 l\u2019ensemble des r\u00e9formes structurantes que connait le pays et la mise en place du nouveau mod\u00e8le de d\u00e9veloppement.<\/p>\n<p class=\"has-black-color has-text-color\">Quant \u00e0 l\u2019inflation, le rapport indique que durant les deux derni\u00e8res d\u00e9cennies, le taux moyen d\u2019inflation a \u00e9t\u00e9 maitris\u00e9 au-dessous de 2%. Durant la p\u00e9riode 2017-2019, le taux d\u2019inflation s\u2019est \u00e9tabli \u00e0 moins de 1%, soit le taux le plus bas de la r\u00e9gion. Et d\u2019ajouter que ce taux relativement bas contribue \u00e0 la pr\u00e9servation du pouvoir d\u2019achat des familles.<\/p>\n<p>L\u2019article <a rel=\"nofollow\" href=\"http:\/\/albayane.press.ma\/le-taux-de-croissance-depend-beaucoup-de-la-volatilite-agricole.html\">Le taux de croissance d\u00e9pend beaucoup de la volatilit\u00e9 agricole<\/a> est apparu en premier sur <a rel=\"nofollow\" href=\"http:\/\/albayane.press.ma\/\">ALBAYANE<\/a>.<\/p>\n<\/div>\n<p>Auteur: M&rsquo;hammed rahal<br \/>\n<a href=\"http:\/\/albayane.press.ma\/le-taux-de-croissance-depend-beaucoup-de-la-volatilite-agricole.html\">Cliquez ici pour lire l&rsquo;article depuis sa source.<\/a><\/p>\n","protected":false},"excerpt":{"rendered":"<p>Rapport sur le bilan de l\u2019action gouvernementale 2017-2021 L\u2019\u00e9conomie marocaine a connu une croissance relativement stable ces derni\u00e8res ann\u00e9es, selon un rapport sur le bilan de l\u2019action gouvernementale 2017-2021. \u201cLe taux de croissance ne d\u00e9pend plus beaucoup de la volatilit\u00e9 de l\u2019activit\u00e9 agricole qui a \u00e9t\u00e9 impact\u00e9e par la s\u00e9cheresse pendant des ann\u00e9es, particuli\u00e8rement en [&hellip;]<\/p>\n","protected":false},"author":1760,"featured_media":0,"comment_status":"closed","ping_status":"closed","sticky":false,"template":"","format":"standard","meta":{"fifu_image_url":"","fifu_image_alt":"","footnotes":""},"categories":[73,54],"tags":[],"class_list":["post-121237","post","type-post","status-publish","format-standard","hentry","category-actualite","category-maroc"],"_links":{"self":[{"href":"https:\/\/linitiative.ca\/International\/wp-json\/wp\/v2\/posts\/121237","targetHints":{"allow":["GET"]}}],"collection":[{"href":"https:\/\/linitiative.ca\/International\/wp-json\/wp\/v2\/posts"}],"about":[{"href":"https:\/\/linitiative.ca\/International\/wp-json\/wp\/v2\/types\/post"}],"author":[{"embeddable":true,"href":"https:\/\/linitiative.ca\/International\/wp-json\/wp\/v2\/users\/1760"}],"replies":[{"embeddable":true,"href":"https:\/\/linitiative.ca\/International\/wp-json\/wp\/v2\/comments?post=121237"}],"version-history":[{"count":0,"href":"https:\/\/linitiative.ca\/International\/wp-json\/wp\/v2\/posts\/121237\/revisions"}],"wp:attachment":[{"href":"https:\/\/linitiative.ca\/International\/wp-json\/wp\/v2\/media?parent=121237"}],"wp:term":[{"taxonomy":"category","embeddable":true,"href":"https:\/\/linitiative.ca\/International\/wp-json\/wp\/v2\/categories?post=121237"},{"taxonomy":"post_tag","embeddable":true,"href":"https:\/\/linitiative.ca\/International\/wp-json\/wp\/v2\/tags?post=121237"}],"curies":[{"name":"wp","href":"https:\/\/api.w.org\/{rel}","templated":true}]}}