{"id":121238,"date":"2021-07-12T14:00:00","date_gmt":"2021-07-12T18:00:00","guid":{"rendered":"https:\/\/linitiative.ca\/International\/le-raja-meilleur-club-marocain-en-afrique\/"},"modified":"2021-07-12T14:00:00","modified_gmt":"2021-07-12T18:00:00","slug":"le-raja-meilleur-club-marocain-en-afrique","status":"publish","type":"post","link":"https:\/\/linitiative.ca\/International\/le-raja-meilleur-club-marocain-en-afrique\/","title":{"rendered":"Le Raja, meilleur club marocain en Afrique"},"content":{"rendered":"<div>\n<p class=\"has-text-align-center has-vivid-cyan-blue-color has-text-color\"><strong>Qui dit mieux\u2026<\/strong><\/p>\n<p class=\"has-black-color has-text-color\"><strong>Le Raja Casablanca l\u2019a fait, encore une fois. Il s\u2019agit d\u2019un nouveau sacre en Coupe d\u2019Afrique de la CAF venant \u00e0 un moment opportun pour le club des Verts qui a r\u00e9alis\u00e9 une victoire certes, difficile mais m\u00e9rit\u00e9e, au d\u00e9triment de la JS Kabylie (2-1), en finale \u00e2prement disput\u00e9e, samedi dernier, \u00e0 la ville b\u00e9ninoise de Cotonou.<\/strong><\/p>\n<p class=\"has-black-color has-text-color\">Le Raja est \u00e0 f\u00e9liciter pour cette victoire courageuse et arrach\u00e9e face \u00e0 un adversaire alg\u00e9rien qui reste \u00e0 saluer, techniquement, mais qui a malheureusement pr\u00e9f\u00e9r\u00e9 jouer politiquement beaucoup plus que sportivement.<\/p>\n<p class=\"has-black-color has-text-color\">Les Rajaouis qui l\u2019ont bien compris, ont bataill\u00e9 ferme pour pr\u00e9server leur avantage notamment apr\u00e8s l\u2019expulsion d\u2019Omar Arjoune \u00e0 l\u2019heure de jeu, sanction s\u00e9v\u00e8re si on ne veut pas dire injuste de l\u2019arbitre sud-africain du match.<\/p>\n<p class=\"has-black-color has-text-color\">Les Rajaouis qui doivent \u00eatre heureux de faire le n\u00e9cessaire auraient pu plier la partie en premi\u00e8re mi-temps qu\u2019ils ont domin\u00e9e de la t\u00eate et des \u00e9paules mais seulement avec les 2 buts de la victoire finale bien qu\u2019ils avaient eu la possibilit\u00e9 d\u2019aggraver le score \u00e0 maintes reprises.<\/p>\n<p class=\"has-black-color has-text-color\">Au retour des vestiaires, les Verts cueillis \u00e0 froid, allaient subir le poids du match en recevant un but \u00e0 l\u2019entr\u00e9e de jeu, ce qui a constitu\u00e9 un tournant du match devenu de plus en plus sensationnel. Les Kabylis pour r\u00e9tablir l\u2019\u00e9quilibre et esp\u00e9rer mieux, les Rajaouis pour conserver leur acquis. Et m\u00eame r\u00e9duit \u00e0 10, ils n\u2019ont pas trembl\u00e9 pour pr\u00e9server leur avantage tout en ratant une autre occasion en or de tripler la mise et de tuer d\u00e9finitivement le match.<\/p>\n<p class=\"has-black-color has-text-color\">Dans l\u2019ensemble, les Rajaouis ont bien ma\u00eetris\u00e9 leur sujet et, malgr\u00e9 quelques d\u00e9chets techniques, ils n\u2019ont laiss\u00e9 que peu d\u2019opportunit\u00e9s \u00e0 des Alg\u00e9riens p\u00e9trifi\u00e9s par l\u2019enjeu du match impos\u00e9 par les Verts plus forts et plus exp\u00e9riment\u00e9s.<\/p>\n<p class=\"has-black-color has-text-color\">Le m\u00e9rite de ce sacre revient \u00e0 tout le groupe du Raja, dont son capitaine, le gardien Anas Zniti, qui a achev\u00e9 en beaut\u00e9. Zniti a fait un bon geste de reconnaissance en brandissant le maillot de son \u00ab\u00a0ancien\u00a0\u00bb capitaine, Mohcine Metoualli lors du moment fort de la lev\u00e9e de la Coupe du club vainqueur. Metoualli reste le grand absent de cette finale apr\u00e8s avoir contribu\u00e9 \u00e0 toutes les victoires du Raja en cette comp\u00e9tition avec plusieurs records dont notamment le carton plein en phase de poules (leadership avec 18 points totalis\u00e9s suite \u00e0 6 succ\u00e8s en autant de matches).<\/p>\n<p class=\"has-black-color has-text-color\">Metoualli et tous les autres joueurs dont El Hafidi qui a assur\u00e9 sa pr\u00e9sence en finale, comme d\u2019habitude, sont \u00e0 f\u00e9liciter pour ce sacre gr\u00e2ce \u00e0 deux r\u00e9alisations de Rahimi qui a \u00e9t\u00e9 choisi meilleur joueur et le Congolais Ben Malango qui a termin\u00e9 le parcours avec une mention de meilleur buteur de la comp\u00e9tition en r\u00e9ussissant 6 r\u00e9alisations dans l\u2019ensemble.<\/p>\n<p class=\"has-black-color has-text-color\">Le m\u00e9rite de ce sacre africain peut revenir \u00e9galement \u00e0 l\u2019entraineur partant, Jamal Sellami, qui avait men\u00e9 le Raja droit au but avec plusieurs victoires en phase de poules dans cette\u00a0 comp\u00e9tition continentale avant d\u2019\u00eatre accul\u00e9 \u00e0 jeter l\u2019\u00e9ponge suite au \u00ab\u00a0Hirak\u00a0des Hayahas\u00a0\u00bb qui voulaient cr\u00e9er la zizanie au sein du club au lendemain d\u2019une simple et premi\u00e8re d\u00e9faite en Botola. Le successeur tunisien, Lasaad Chabbi, doit ainsi remercier son devancier tout comme il doit \u00eatre heureux d\u2019avoir remport\u00e9 son premier sacre international dans sa vie avec le club des Verts.<\/p>\n<p class=\"has-black-color has-text-color\">Les repr\u00e9sentants du Maroc qui ont donc offert \u00e0 ce simple technicien tunisien un titre africain, ont ainsi bien tenu \u00e0 leur premier objectif en remportant cette Coupe continentale apr\u00e8s avoir rat\u00e9 la course de la d\u00e9fense de leur titre national en Botola. Car, \u00e9limin\u00e9s t\u00f4t en Ligue des champions, sortis h\u00e2tivement en Coupe du Tr\u00f4ne avant d\u2019\u00eatre distanc\u00e9s en championnat national, les Rajaouis venaient ainsi de sauver la saison en assurant leur place sur le toit de l\u2019Afrique.<\/p>\n<p class=\"has-black-color has-text-color\">En voyant juste de se fixer les deux principaux objectifs, les finales africaine et arabe restant encore \u00e0 jouer, tout en visant la seconde place de vice-champions du Maroc menant \u00e0 la Champion\u2019s League, les Verts ont r\u00e9ussi la premi\u00e8re mission continentale en cette fin de saison en attendant celle des seigneurs en Coupe arabe Mohammed VI dont la finale est pr\u00e9vue le mois prochain (21 ao\u00fbt \u00e0 Rabat SVP) contre les Saoudiens d\u2019Al Ittihad.<\/p>\n<p class=\"has-black-color has-text-color\">En attendant la confirmation avec un autre sacre \u00e0 l\u2019\u00e9chelon arabe en 2021 et qui serait le second apr\u00e8s celui r\u00e9alis\u00e9 en 2006, le Raja a bien justifi\u00e9 son m\u00e9rite de meilleur club marocain en Afrique. Il suffit de rappeler qu\u2019avec ce nouveau titre de la CAF, le Raja a tout simplement enrichi son palmar\u00e8s africain.<\/p>\n<p class=\"has-black-color has-text-color\">Il s\u2019agit l\u00e0 de la 3e Coupe de la CAF ramen\u00e9e de l\u2019ext\u00e9rieure en 2021 apr\u00e8s celles de 2018 \u00e0 Kinshasa et 2003 \u00e0 Garoua. Avec ce 3e titre, le Raja a \u00e9gal\u00e9 le nombre des 3 autres sacres en Ligue des Champions r\u00e9alis\u00e9s en 1999, 1997 et 1989. Cela en plus de trois autres titres, la super-coupe d\u2019Afrique \u00e0 double reprise (2000 et 2019) ainsi que la Coupe intercontinentale Afro-Asiatique (1998).<\/p>\n<p class=\"has-black-color has-text-color\">Ce qui porte le nombre des titres du Raja \u00e0 9, le confirmant en tant que club marocain le plus titr\u00e9 \u00e0 l\u2019\u00e9chelon africain avec en plus l\u2019exploit historique de vice-champion du monde en 2013.<\/p>\n<p class=\"has-black-color has-text-color\">Le Raja qui est class\u00e9 4een Afrique talonne ainsi les meilleurs clubs du Continent derri\u00e8re Al Ahly du Caire qui vient en t\u00eate avec 20 titres dont 9 en Ligue des Champions alors qu\u2019il cherchera la 10e cons\u00e9crationlors de la prochaine finale programm\u00e9e \u00e0 Casablanca le 17 juillet contre les Sud-africains de Kaizer Chiefs tombeur du Wydad en demi-finale.<\/p>\n<p class=\"has-black-color has-text-color\">Les 2 autres places du podium sont occup\u00e9es par le TP Mazemb\u00e9 \u00e9galement vice-champion du monde en 2010 et l\u2019autre club du Caire, le Zamalek, qui ont chacun 5 victoires en Ligue des Champions.<\/p>\n<p class=\"has-black-color has-text-color\">Voil\u00e0 en bref pour le podium du Continent et le meilleur classement du Raja en Afrique, ce qui reste un grand honneur pour le football marocain.<\/p>\n<p class=\"has-black-color has-text-color\">Et dire enfin que le Raja et ses larges supporters class\u00e9s \u00e9galement parmi les meilleurs dans le monde, sont vis\u00e9s et combattus dans leur pays, par certains charognards du football marocain et qui ont malheureusement le pouvoir de g\u00e9rer les choses footballistiques nationales.<\/p>\n<p class=\"has-black-color has-text-color\">Ce qui reste honteux pour notre pays class\u00e9 pourtant parmi les grandes nations de football\u2026<\/p>\n<p>L\u2019article <a rel=\"nofollow\" href=\"http:\/\/albayane.press.ma\/le-raja-meilleur-club-marocain-en-afrique.html\">Le Raja, meilleur club marocain en Afrique<\/a> est apparu en premier sur <a rel=\"nofollow\" href=\"http:\/\/albayane.press.ma\/\">ALBAYANE<\/a>.<\/p>\n<\/div>\n<p>Auteur: M&rsquo;hammed rahal<br \/>\n<a href=\"http:\/\/albayane.press.ma\/le-raja-meilleur-club-marocain-en-afrique.html\">Cliquez ici pour lire l&rsquo;article depuis sa source.<\/a><\/p>\n","protected":false},"excerpt":{"rendered":"<p>Qui dit mieux\u2026 Le Raja Casablanca l\u2019a fait, encore une fois. Il s\u2019agit d\u2019un nouveau sacre en Coupe d\u2019Afrique de la CAF venant \u00e0 un moment opportun pour le club des Verts qui a r\u00e9alis\u00e9 une victoire certes, difficile mais m\u00e9rit\u00e9e, au d\u00e9triment de la JS Kabylie (2-1), en finale \u00e2prement disput\u00e9e, samedi dernier, \u00e0 [&hellip;]<\/p>\n","protected":false},"author":1760,"featured_media":0,"comment_status":"closed","ping_status":"closed","sticky":false,"template":"","format":"standard","meta":{"fifu_image_url":"","fifu_image_alt":"","footnotes":""},"categories":[73,54],"tags":[],"class_list":["post-121238","post","type-post","status-publish","format-standard","hentry","category-actualite","category-maroc"],"_links":{"self":[{"href":"https:\/\/linitiative.ca\/International\/wp-json\/wp\/v2\/posts\/121238","targetHints":{"allow":["GET"]}}],"collection":[{"href":"https:\/\/linitiative.ca\/International\/wp-json\/wp\/v2\/posts"}],"about":[{"href":"https:\/\/linitiative.ca\/International\/wp-json\/wp\/v2\/types\/post"}],"author":[{"embeddable":true,"href":"https:\/\/linitiative.ca\/International\/wp-json\/wp\/v2\/users\/1760"}],"replies":[{"embeddable":true,"href":"https:\/\/linitiative.ca\/International\/wp-json\/wp\/v2\/comments?post=121238"}],"version-history":[{"count":0,"href":"https:\/\/linitiative.ca\/International\/wp-json\/wp\/v2\/posts\/121238\/revisions"}],"wp:attachment":[{"href":"https:\/\/linitiative.ca\/International\/wp-json\/wp\/v2\/media?parent=121238"}],"wp:term":[{"taxonomy":"category","embeddable":true,"href":"https:\/\/linitiative.ca\/International\/wp-json\/wp\/v2\/categories?post=121238"},{"taxonomy":"post_tag","embeddable":true,"href":"https:\/\/linitiative.ca\/International\/wp-json\/wp\/v2\/tags?post=121238"}],"curies":[{"name":"wp","href":"https:\/\/api.w.org\/{rel}","templated":true}]}}