{"id":121239,"date":"2021-07-12T14:00:00","date_gmt":"2021-07-12T18:00:00","guid":{"rendered":"https:\/\/linitiative.ca\/International\/forza-italia\/"},"modified":"2021-07-12T14:00:00","modified_gmt":"2021-07-12T18:00:00","slug":"forza-italia","status":"publish","type":"post","link":"https:\/\/linitiative.ca\/International\/forza-italia\/","title":{"rendered":"Forza Italia !"},"content":{"rendered":"<div>\n<p class=\"has-vivid-cyan-blue-color has-text-color\"><strong>La Squadra Azzurrase hisse sur le toit de l\u2019Europe. Tout au long de la comp\u00e9tition \u00a0du vieux continent, l\u2019Italie rena\u00eet encore, apr\u00e8s une \u00e9clipse sur les grands rendez-vous sportifs. La tradition mondiale du football ne meurt jamais et revient fort au moment o\u00f9 on s\u2019y attend le moins. La botte en est une, sans conteste avec les vieilles l\u00e9gendes qui ont fait son histoire, depuis la premi\u00e8re flamme universelle du troph\u00e9e Jules Rimet, en 1930, gagn\u00e9e justement par l\u2019ancien empire romain. A admirer s\u2019exhiber cette g\u00e9n\u00e9ration, on se souvient de la fougue et la p\u00e9tulance qui ont toujours marqu\u00e9 son jeu, mais \u00e0 une vision, admirablement fa\u00e7onn\u00e9e par Roberto Mancini, une star de la pelouse, devenue par la suite, le s\u00e9lectionneur de la renaissance.<\/strong><\/p>\n<p class=\"has-black-color has-text-color\">Autour d\u2019un Giorgio Chiellini vieillot,mais imp\u00e9tueux comme un roc, le groupe \u00e9volue aussi bien en d\u00e9fense qu\u2019en attaque, en passant par la ligne m\u00e9diane, avec la coh\u00e9rence, la hargne et surtout l\u2019abn\u00e9gation d\u2019une machine bien rod\u00e9e \u00e0 ce syst\u00e8me tant h\u00e9ro\u00efque que p\u00e9tillant. Un fond de jeu \u00e9volutif et plaisant qui, il faut bien le dire met fin \u00e0 l\u2019arri\u00e8re-garde de b\u00e9ton dite \u00ab\u00a0catenaccio\u00bb \u00e0 laquelle s\u2019est habitu\u00e9e la vieille galaxie de talents tels Mazzola, Riva, Riviera et bien d\u2019autres. Le pr\u00e9sent sch\u00e9ma tactique que pr\u00f4ne aujourd\u2019hui la Squadra allie subtilement la rigueur d\u00e9fensive,pr\u00e9conis\u00e9e par les anciens tacticiens du football italien et le Tiki-taka de l\u2019offensive fluide, orchestr\u00e9e par des virtuoses tels Jorginho et Verratti. Il faudra reconna\u00eetre \u00e9galement que cette alliance est confort\u00e9e par une profonde fureur d\u2019appartenance \u00e0 la patrie qui a constamment caract\u00e9ris\u00e9 le caract\u00e8re italien. Cette \u00e2pre finale qui l\u2019opposait \u00e0 son homologue anglaise dans le fameux \u00a0temple de Wembley, devant la furia des supporters britanniques, s\u2019illustrait par ce jeu collectif, progressif et compact dont faisait montre le team italien, avec un keeper aussi serein que t\u00e9m\u00e9raire.<\/p>\n<p class=\"has-black-color has-text-color\">Le gardien Dunnarumma, sur les traces de Zoff ou encore Buffon, s\u2019est manifest\u00e9 par son calme \u00ab\u00a0anglais\u00a0\u00bb qui exacerbait le sang \u00ab\u00a0anglais\u00a0\u00bb propre au rival du jour et surtout ses parades sensationnels des tirs au but, en d\u00e9pit de son jeune \u00e2ge. Il faudra donc d\u00e9sormais compter sur ce groupe de r\u00eave qui s\u2019est admirablement mis en \u00e9vidence, en cette course vers la gloire europ\u00e9enne. Des nations comme l\u2019Italie qui a scell\u00e9 le football mondial, \u00e0 travers des d\u00e9cennies, ont l\u2019habitude de se mettre en cause quand on se sentait mal au point et refont surface sur les devants de la sc\u00e8ne football os tique. La formation italienne qui s\u00e9duit\u00e0 souhait, \u00a0actuellement par son football remis sur les rails de la tendance haussi\u00e8re, vient de donner l\u2019exempledu principe de\u00a0\u00a0 \u00a0l\u2019innovation constante.<\/p>\n<p>L\u2019article <a rel=\"nofollow\" href=\"http:\/\/albayane.press.ma\/forza-italia.html\">Forza Italia !<\/a> est apparu en premier sur <a rel=\"nofollow\" href=\"http:\/\/albayane.press.ma\/\">ALBAYANE<\/a>.<\/p>\n<\/div>\n<p>Auteur: M&rsquo;hammed rahal<br \/>\n<a href=\"http:\/\/albayane.press.ma\/forza-italia.html\">Cliquez ici pour lire l&rsquo;article depuis sa source.<\/a><\/p>\n","protected":false},"excerpt":{"rendered":"<p>La Squadra Azzurrase hisse sur le toit de l\u2019Europe. Tout au long de la comp\u00e9tition \u00a0du vieux continent, l\u2019Italie rena\u00eet encore, apr\u00e8s une \u00e9clipse sur les grands rendez-vous sportifs. La tradition mondiale du football ne meurt jamais et revient fort au moment o\u00f9 on s\u2019y attend le moins. La botte en est une, sans conteste [&hellip;]<\/p>\n","protected":false},"author":1760,"featured_media":0,"comment_status":"closed","ping_status":"closed","sticky":false,"template":"","format":"standard","meta":{"fifu_image_url":"","fifu_image_alt":"","footnotes":""},"categories":[73,54],"tags":[],"class_list":["post-121239","post","type-post","status-publish","format-standard","hentry","category-actualite","category-maroc"],"_links":{"self":[{"href":"https:\/\/linitiative.ca\/International\/wp-json\/wp\/v2\/posts\/121239","targetHints":{"allow":["GET"]}}],"collection":[{"href":"https:\/\/linitiative.ca\/International\/wp-json\/wp\/v2\/posts"}],"about":[{"href":"https:\/\/linitiative.ca\/International\/wp-json\/wp\/v2\/types\/post"}],"author":[{"embeddable":true,"href":"https:\/\/linitiative.ca\/International\/wp-json\/wp\/v2\/users\/1760"}],"replies":[{"embeddable":true,"href":"https:\/\/linitiative.ca\/International\/wp-json\/wp\/v2\/comments?post=121239"}],"version-history":[{"count":0,"href":"https:\/\/linitiative.ca\/International\/wp-json\/wp\/v2\/posts\/121239\/revisions"}],"wp:attachment":[{"href":"https:\/\/linitiative.ca\/International\/wp-json\/wp\/v2\/media?parent=121239"}],"wp:term":[{"taxonomy":"category","embeddable":true,"href":"https:\/\/linitiative.ca\/International\/wp-json\/wp\/v2\/categories?post=121239"},{"taxonomy":"post_tag","embeddable":true,"href":"https:\/\/linitiative.ca\/International\/wp-json\/wp\/v2\/tags?post=121239"}],"curies":[{"name":"wp","href":"https:\/\/api.w.org\/{rel}","templated":true}]}}