{"id":12124,"date":"2019-02-07T15:14:45","date_gmt":"2019-02-07T20:14:45","guid":{"rendered":"https:\/\/linitiative.ca\/International\/pros-le-havre-ac-ferhat-ecope-dun-match-de-suspension\/"},"modified":"2019-02-07T15:14:45","modified_gmt":"2019-02-07T20:14:45","slug":"pros-le-havre-ac-ferhat-ecope-dun-match-de-suspension","status":"publish","type":"post","link":"https:\/\/linitiative.ca\/International\/pros-le-havre-ac-ferhat-ecope-dun-match-de-suspension\/","title":{"rendered":"Pros : Le Havre AC: Ferhat \u00e9cope d\u2019un match de suspension"},"content":{"rendered":"<div readability=\"32\">\n<p>Auteur : <span>Riad O.<\/span> <span class=\"time\">jeudi 07 f\u00e9vrier 2019 20:53<\/span><\/p>\n<\/div>\n<div id=\"post_core\" readability=\"37\">\n<p>Injustement expuls\u00e9 face \u00e0 Brest, Zin\u00e9dine Ferhat a \u00e9cop\u00e9 d\u2019un match de suspension. Ainsi donc, l\u2019ancien joueur de l\u2019USM Alger sera absent au match du HAC de ce soir face \u00e0 l\u2019US Orl\u00e9ans. Son retour \u00e0 la comp\u00e9tition se fera face \u00e0 Nancy lors de la 25\u00e8me journ\u00e9e de la Domino\u2019s Ligue 2.<\/p>\n<p><strong>Publi\u00e9 dans :<\/strong> <span>ferhat<\/span><\/p>\n<\/div>\n","protected":false},"excerpt":{"rendered":"<p>Auteur : Riad O. jeudi 07 f\u00e9vrier 2019 20:53 Injustement expuls\u00e9 face \u00e0 Brest, Zin\u00e9dine Ferhat a \u00e9cop\u00e9 d\u2019un match de suspension. Ainsi donc, l\u2019ancien joueur de l\u2019USM Alger sera absent au match du HAC de ce soir face \u00e0 l\u2019US Orl\u00e9ans. Son retour \u00e0 la comp\u00e9tition se fera face \u00e0 Nancy lors de la [&hellip;]<\/p>\n","protected":false},"author":1738,"featured_media":12125,"comment_status":"closed","ping_status":"closed","sticky":false,"template":"","format":"standard","meta":{"fifu_image_url":"","fifu_image_alt":"","footnotes":""},"categories":[53,75],"tags":[],"class_list":["post-12124","post","type-post","status-publish","format-standard","has-post-thumbnail","hentry","category-algerie","category-sport"],"_links":{"self":[{"href":"https:\/\/linitiative.ca\/International\/wp-json\/wp\/v2\/posts\/12124","targetHints":{"allow":["GET"]}}],"collection":[{"href":"https:\/\/linitiative.ca\/International\/wp-json\/wp\/v2\/posts"}],"about":[{"href":"https:\/\/linitiative.ca\/International\/wp-json\/wp\/v2\/types\/post"}],"author":[{"embeddable":true,"href":"https:\/\/linitiative.ca\/International\/wp-json\/wp\/v2\/users\/1738"}],"replies":[{"embeddable":true,"href":"https:\/\/linitiative.ca\/International\/wp-json\/wp\/v2\/comments?post=12124"}],"version-history":[{"count":0,"href":"https:\/\/linitiative.ca\/International\/wp-json\/wp\/v2\/posts\/12124\/revisions"}],"wp:featuredmedia":[{"embeddable":true,"href":"https:\/\/linitiative.ca\/International\/wp-json\/"}],"wp:attachment":[{"href":"https:\/\/linitiative.ca\/International\/wp-json\/wp\/v2\/media?parent=12124"}],"wp:term":[{"taxonomy":"category","embeddable":true,"href":"https:\/\/linitiative.ca\/International\/wp-json\/wp\/v2\/categories?post=12124"},{"taxonomy":"post_tag","embeddable":true,"href":"https:\/\/linitiative.ca\/International\/wp-json\/wp\/v2\/tags?post=12124"}],"curies":[{"name":"wp","href":"https:\/\/api.w.org\/{rel}","templated":true}]}}