{"id":121240,"date":"2021-07-12T14:00:00","date_gmt":"2021-07-12T18:00:00","guid":{"rendered":"https:\/\/linitiative.ca\/International\/hakimi-reve-toujours-du-real-idrissi-entre-la-france-et-la-belgique\/"},"modified":"2021-07-12T14:00:00","modified_gmt":"2021-07-12T18:00:00","slug":"hakimi-reve-toujours-du-real-idrissi-entre-la-france-et-la-belgique","status":"publish","type":"post","link":"https:\/\/linitiative.ca\/International\/hakimi-reve-toujours-du-real-idrissi-entre-la-france-et-la-belgique\/","title":{"rendered":"Hakimi r\u00eave toujours du Real, Idrissi entre la France et la Belgique"},"content":{"rendered":"<div>\n<p class=\"has-text-align-center has-vivid-red-color has-text-color\"><strong>Lions de l\u2019Atlas<\/strong><\/p>\n<p class=\"has-text-align-right has-black-color has-text-color\"><strong>Oussama Zidouhia<\/strong><\/p>\n<p class=\"has-black-color has-text-color\"><strong>Nouvelle recrue vedette du Paris St Germain, Achraf Hakimi a sign\u00e9 un contrat le liant au club de la capitale fran\u00e7aise jusqu\u2019en 2026, contre un montant record de 70 millions d\u2019euros, qui fait de lui le joueur marocain le plus cher de l\u2019histoire, d\u00e9passant de loin un certain Hakim Ziyech.<\/strong><\/p>\n<p class=\"has-black-color has-text-color\">L\u2019agent du Lions de l\u2019Atlas, Alejandro Cama\u00f1o, a annonc\u00e9 dans les micros de la radio espagnole Onda Cero que son poulain r\u00eave toujours du Real Madrid\u00a0: \u00abNous nous r\u00e9servons l\u2019illusion et le r\u00eave qu\u2019Achraf revienne au Real Madrid, car il est n\u00e9 \u00e0 Madrid, a grandi \u00e0 Madrid et comme but ultime, un jour, il aimerait jouer pour le Real Madrid\u00bb.<\/p>\n<p class=\"has-black-color has-text-color\">Pour rappel, Achraf Hakimi a rejoint la formation du Real Madrid \u00e0 seulement 7 ans, en 2006. Il s\u2019inspire tout au long de sa jeunesse, de la carri\u00e8re du footballeur br\u00e9silien Marcelo, r\u00eavant de jouer \u00e0 ses c\u00f4t\u00e9s. Avec l\u2019\u00e9quipe des moins de 19 ans, il participe \u00e0 la Ligue de la jeunesse de l\u2019UEFA lors de la saison 2015-2016 et atteint les demi-finales, battu sur un score de 1-3 face au Paris-Saint-Germain.<\/p>\n<p class=\"has-black-color has-text-color\">Lors de la saison suivante, il r\u00e9alise un nouveau bon parcours avec la Castilla, en Youth League 2016-2017. Il atteint encore les demi-finales et une d\u00e9faite 2-4 face au Benfica Lisbonne.<\/p>\n<p class=\"has-black-color has-text-color\">Durant cette m\u00eame saison 2016-2017, le joueur \u00e9volue en troisi\u00e8me division espagnole avec l\u2019\u00e9quipe du Real Madrid Castilla en tant que titulaire, disputant en total 28 matchs. Faisant de bonnes prestations, le jeune joueur est souvent appel\u00e9 par l\u2019entra\u00eeneur fran\u00e7ais Zin\u00e9dine Zidane pour prendre part aux stages ainsi qu\u2019aux entra\u00eenements avec l\u2019\u00e9quipe premi\u00e8re du Real Madrid.<\/p>\n<p class=\"has-black-color has-text-color\">En d\u00e9but de saison 2017-2018, les staffs m\u00e9dicaux du club madril\u00e8ne r\u00e9v\u00e8lent un probl\u00e8me cardiaque chez le joueur \u00e9voluant en lat\u00e9ral droit, Dani Carvajal. L\u2019entra\u00eeneur fran\u00e7ais compte alors sur les doublures du joueur espagnol, notamment Nacho et le jeune Achraf Hakimi \u00e2g\u00e9 alors seulement de 19 ans. Le Marocain d\u00e9bute avec l\u2019\u00e9quipe premi\u00e8re le 1er octobre 2017 dans un match de Liga face \u00e0 l\u2019Espanyol Barcelone (victoire, 2-0) et marque son premier but avec le Real le 9 d\u00e9cembre 2017 sur une passe de Karim Benzema (victoire 5-0 contre le FC S\u00e9ville).<\/p>\n<p class=\"has-black-color has-text-color\">De son c\u00f4t\u00e9, l\u2019international marocain Oussama Idrissi ne devrait pas \u00e9voluer sous les couleurs du FC S\u00e9ville la saison prochaine. L\u2019entra\u00eeneur de l\u2019\u00e9quipe espagnole, Julen Lopetegui, compte sur un nouveau pr\u00eat pour relancer l\u2019ailier virevoltant.<\/p>\n<p class=\"has-black-color has-text-color\">En effet, d\u2019apr\u00e8s les r\u00e9centes informations du journaliste sportif Hanif Ben Berkane, Idrissi pourrait se voir offrir une nouvelle porte de sortie en France apr\u00e8s son pr\u00eat non fructueux \u00e0 l\u2019Ajax. Tr\u00e8s actif sur le march\u00e9 de transfert, l\u2019Olympique de Marseille et son entra\u00eeneur Jorge Sampaoli veulent recruter un nouvel ailier gauche, pour palier le probable d\u00e9part de Nemanja Radonjic, annonc\u00e9 proche du Benfica.<\/p>\n<p class=\"has-black-color has-text-color\">Idrissi pourrait \u00eatre une bonne option pour l\u2019OM qui pourra se renforcer \u00e0 moindre co\u00fbt en s\u2019offrant le Lion de l\u2019Atlas sous la forme d\u2019un pr\u00eat.<\/p>\n<p class=\"has-black-color has-text-color\">Cette saison, Idrissi a particip\u00e9 \u00e0 7 matchs seulement d\u2019Eredivisie avec l\u2019Ajax, un manque de comp\u00e9tition qui lui a cout\u00e9 sa place en s\u00e9lection. Pour l\u2019attaquant de 25 ans, la priorit\u00e9 serait de retrouver les Lions de l\u2019Atlas \u00e0 temps pour la prochaine Coupe d\u2019Afrique des Nations.<\/p>\n<p class=\"has-black-color has-text-color\">A noter que l\u2019OM n\u2019est pas seul sur ce dossier,\u00a0 le FC Bruges, qui pourrait perdre Noa Land (Leeds United), aurait fait du Marocain sa priorit\u00e9 pour le remplacer.<\/p>\n<p>L\u2019article <a rel=\"nofollow\" href=\"http:\/\/albayane.press.ma\/hakimi-reve-toujours-du-real-idrissi-entre-la-france-et-la-belgique.html\">Hakimi r\u00eave toujours du Real, Idrissi entre la France et la Belgique<\/a> est apparu en premier sur <a rel=\"nofollow\" href=\"http:\/\/albayane.press.ma\/\">ALBAYANE<\/a>.<\/p>\n<\/div>\n<p>Auteur: M&rsquo;hammed rahal<br \/>\n<a href=\"http:\/\/albayane.press.ma\/hakimi-reve-toujours-du-real-idrissi-entre-la-france-et-la-belgique.html\">Cliquez ici pour lire l&rsquo;article depuis sa source.<\/a><\/p>\n","protected":false},"excerpt":{"rendered":"<p>Lions de l\u2019Atlas Oussama Zidouhia Nouvelle recrue vedette du Paris St Germain, Achraf Hakimi a sign\u00e9 un contrat le liant au club de la capitale fran\u00e7aise jusqu\u2019en 2026, contre un montant record de 70 millions d\u2019euros, qui fait de lui le joueur marocain le plus cher de l\u2019histoire, d\u00e9passant de loin un certain Hakim Ziyech. [&hellip;]<\/p>\n","protected":false},"author":1760,"featured_media":0,"comment_status":"closed","ping_status":"closed","sticky":false,"template":"","format":"standard","meta":{"fifu_image_url":"","fifu_image_alt":"","footnotes":""},"categories":[73,54],"tags":[],"class_list":["post-121240","post","type-post","status-publish","format-standard","hentry","category-actualite","category-maroc"],"_links":{"self":[{"href":"https:\/\/linitiative.ca\/International\/wp-json\/wp\/v2\/posts\/121240","targetHints":{"allow":["GET"]}}],"collection":[{"href":"https:\/\/linitiative.ca\/International\/wp-json\/wp\/v2\/posts"}],"about":[{"href":"https:\/\/linitiative.ca\/International\/wp-json\/wp\/v2\/types\/post"}],"author":[{"embeddable":true,"href":"https:\/\/linitiative.ca\/International\/wp-json\/wp\/v2\/users\/1760"}],"replies":[{"embeddable":true,"href":"https:\/\/linitiative.ca\/International\/wp-json\/wp\/v2\/comments?post=121240"}],"version-history":[{"count":0,"href":"https:\/\/linitiative.ca\/International\/wp-json\/wp\/v2\/posts\/121240\/revisions"}],"wp:attachment":[{"href":"https:\/\/linitiative.ca\/International\/wp-json\/wp\/v2\/media?parent=121240"}],"wp:term":[{"taxonomy":"category","embeddable":true,"href":"https:\/\/linitiative.ca\/International\/wp-json\/wp\/v2\/categories?post=121240"},{"taxonomy":"post_tag","embeddable":true,"href":"https:\/\/linitiative.ca\/International\/wp-json\/wp\/v2\/tags?post=121240"}],"curies":[{"name":"wp","href":"https:\/\/api.w.org\/{rel}","templated":true}]}}