{"id":121241,"date":"2021-07-13T06:11:17","date_gmt":"2021-07-13T10:11:17","guid":{"rendered":"https:\/\/linitiative.ca\/International\/plus-dun-mois-apres-les-elections-le-perou-est-toujours-sans-president\/"},"modified":"2021-07-13T06:11:17","modified_gmt":"2021-07-13T10:11:17","slug":"plus-dun-mois-apres-les-elections-le-perou-est-toujours-sans-president","status":"publish","type":"post","link":"https:\/\/linitiative.ca\/International\/plus-dun-mois-apres-les-elections-le-perou-est-toujours-sans-president\/","title":{"rendered":"Plus d\u2019un mois apr\u00e8s les \u00e9lections, le P\u00e9rou est toujours sans pr\u00e9sident"},"content":{"rendered":"<div>\n<p class=\"has-text-align-center has-vivid-cyan-blue-color has-text-color\"><strong>Attendons pour voir\u2026<\/strong><\/p>\n<p class=\"has-black-color has-text-color\"><strong>Normalement, le 28 Juillet 2021 aurait d\u00fb \u00eatre un jour de f\u00eate au P\u00e9rou car il aurait co\u00efncid\u00e9 avec la c\u00e9l\u00e9bration des 200 ans de l\u2019ind\u00e9pendance du pays de la couronne espagnole donc de l\u2019av\u00e8nement de la R\u00e9publique p\u00e9ruvienne mais aussi celui de l\u2019investiture du nouveau pr\u00e9sident issu du 2<sup>\u00e8me<\/sup>\u00a0tour de l\u2019\u00e9lection du 6 Juin dernier.<\/strong><\/p>\n<p class=\"has-black-color has-text-color\">Mais il n\u2019en sera rien car le pays n\u2019a que tr\u00e8s peu de raisons de se r\u00e9jouir puisqu\u2019apr\u00e8s avoir \u00e9t\u00e9 pris dans l\u2019engrenage d\u2019une crise sanitaire et \u00e9conomique, il est, d\u00e9sormais, aux prises avec une crise politique d\u00e8s lors qu\u2019un mois apr\u00e8s le 2<sup>\u00e8me<\/sup>\u00a0tour de ce scrutin pr\u00e9sidentiel, il n\u2019a toujours pas de pr\u00e9sident officiellement \u00e9lu.<\/p>\n<p class=\"has-black-color has-text-color\">En cause, l\u2019ent\u00eatement de la candidate de la droite populiste, Keiko Fujimori,\u00a0\u00a0qui, en criant \u00e0 la fraude sans apporter la moindre preuve, refuse de reconna\u00eetre la victoire de Pedro Castillo, son rival de la gauche radicale bien que ce dernier ait, officiellement, recueilli pr\u00e8s de 44.000 voix de plus qu\u2019elle et qu\u2019apr\u00e8s avoir lou\u00e9 le travail des organismes \u00e9lectoraux, la mission d\u2019observation de l\u2019Organisation des Etats Am\u00e9ricains (OEA), de l\u2019Union Europ\u00e9enne (UE) et des Etats-Unis ait d\u00e9clar\u00e9 que ce scrutin a \u00e9t\u00e9 \u00ab\u00a0libre et transparent\u00a0\u00bb.<\/p>\n<p class=\"has-black-color has-text-color\">Mais l\u2019opini\u00e2tret\u00e9 de la fille de l\u2019ancien pr\u00e9sident Alberto Fujimori (1990-2000) n\u2019est pas n\u00e9e du hasard. Impliqu\u00e9e dans le fameux scandale Odebreicht apr\u00e8s avoir \u00e9t\u00e9 accus\u00e9e d\u2019avoir b\u00e9n\u00e9fici\u00e9 d\u2019un financement occulte de ses deux pr\u00e9c\u00e9dentes campagnes \u00e9lectorales (2011 &amp; 2016) de la part de la soci\u00e9t\u00e9 de BTP br\u00e9silienne, l\u2019int\u00e9ress\u00e9e avait \u00e9t\u00e9 plac\u00e9e en d\u00e9tention provisoire pendant plus d\u2019une ann\u00e9e.<\/p>\n<p class=\"has-black-color has-text-color\">Lib\u00e9r\u00e9e de prison en mai 2020 du fait de la pand\u00e9mie du Covid-19, Keiko Fujimori a pu se pr\u00e9senter \u00e0 l\u2019\u00e9lection pr\u00e9sidentielle du 6 juin 2021 mais il lui a \u00e9t\u00e9 interdit formellement de voyager hors du P\u00e9rou ou de contacter des coaccus\u00e9s ou des personnes appel\u00e9es \u00e0 t\u00e9moigner dans l\u2019affaire pour laquelle elle est poursuivie.<\/p>\n<p class=\"has-black-color has-text-color\">Risquant un proc\u00e8s et voire m\u00eame l\u2019emprisonnement pour blanchiment d\u2019argent, Keiko Fujimori a donc mobilis\u00e9 tous ses r\u00e9seaux dans l\u2019espoir de faire capoter ces \u00e9lections et adress\u00e9 au Comit\u00e9 national des \u00e9lections (JNE) une multitude de demandes d\u2019annulation des r\u00e9sultats concernant certains bureaux de vote au motif que des \u00ab\u00a0falsifications de signatures\u00a0\u00bb pr\u00e9sum\u00e9es concerneraient des dizaines de milliers de bulletins.<\/p>\n<p class=\"has-black-color has-text-color\">Pour Arthur Morenas, chercheur en sciences politiques \u00e0 l\u2019Universit\u00e9 de Strasbourg, il ne s\u2019agit-l\u00e0, de la part de Keiko Fujimori, que d\u2019un stratag\u00e8me par lequel cette derni\u00e8re chercherait \u00e0 \u00ab\u00a0retarder le plus possible la proclamation du vainqueur et d\u2019arriver le 28 Juillet, sans pr\u00e9sident, pour que soient convoqu\u00e9es de nouvelles \u00e9lections\u00a0\u00bb. Cette tactique \u00e9tant tomb\u00e9e \u00e0 l\u2019eau du moment qu\u2019\u00e0 l\u2019heure qu\u2019il est, le JNE n\u2019a fait \u00e9tat d\u2019aucune fraude av\u00e9r\u00e9e, le discours de la candidate de la droite populiste p\u00e9ruvienne \u00ab\u00a0est davantage une strat\u00e9gie pour l\u2019avenir\u00a0\u00bb car, comme le dit Arthur Morenas, \u00ab\u00a0le jour o\u00f9 la justice frappera \u00e0 sa porte, Keiko Fujimori se mettra dans une position de victimisation\u00a0\u00bb et jurera qu\u2019elle a \u00e9t\u00e9 flou\u00e9e par l\u2019\u00e9lection.<\/p>\n<p class=\"has-black-color has-text-color\">Mais si la fille de l\u2019ancien pr\u00e9sident appelle ses partisans \u00e0 ne pas abandonner et \u00ab\u00a0\u00e0 continuer la lutte avec encore plus de fermet\u00e9\u00a0\u00bb, jusqu\u2019\u00e0 quand ce \u00ab\u00a0combat\u00a0\u00bb va-t-il durer alors que le Comit\u00e9 national des \u00e9lections et que la mission d\u2019observation de l\u2019Organisation des Etats Am\u00e9ricains (OEA), de l\u2019Union Europ\u00e9enne (UE) et des Etats-Unis ont lou\u00e9 le travail des diff\u00e9rents organismes \u00e9lectoraux et reconnu, d\u2019une m\u00eame voix, que ce scrutin a \u00e9t\u00e9 \u00ab\u00a0libre et transparent\u00a0\u00bb\u00a0? Attendons pour voir\u2026<\/p>\n<p class=\"has-black-color has-text-color\"><strong><u>Nabil EL BOUSAADI<\/u><\/strong><\/p>\n<p>L\u2019article <a rel=\"nofollow\" href=\"http:\/\/albayane.press.ma\/plus-dun-mois-apres-les-elections-le-perou-est-toujours-sans-president.html\">Plus d\u2019un mois apr\u00e8s les \u00e9lections, le P\u00e9rou est toujours sans pr\u00e9sident<\/a> est apparu en premier sur <a rel=\"nofollow\" href=\"http:\/\/albayane.press.ma\/\">ALBAYANE<\/a>.<\/p>\n<\/div>\n<p>Auteur: M&rsquo;hammed rahal<br \/>\n<a href=\"http:\/\/albayane.press.ma\/plus-dun-mois-apres-les-elections-le-perou-est-toujours-sans-president.html\">Cliquez ici pour lire l&rsquo;article depuis sa source.<\/a><\/p>\n","protected":false},"excerpt":{"rendered":"<p>Attendons pour voir\u2026 Normalement, le 28 Juillet 2021 aurait d\u00fb \u00eatre un jour de f\u00eate au P\u00e9rou car il aurait co\u00efncid\u00e9 avec la c\u00e9l\u00e9bration des 200 ans de l\u2019ind\u00e9pendance du pays de la couronne espagnole donc de l\u2019av\u00e8nement de la R\u00e9publique p\u00e9ruvienne mais aussi celui de l\u2019investiture du nouveau pr\u00e9sident issu du 2\u00e8me\u00a0tour de l\u2019\u00e9lection [&hellip;]<\/p>\n","protected":false},"author":1760,"featured_media":0,"comment_status":"closed","ping_status":"closed","sticky":false,"template":"","format":"standard","meta":{"fifu_image_url":"","fifu_image_alt":"","footnotes":""},"categories":[73,54],"tags":[],"class_list":["post-121241","post","type-post","status-publish","format-standard","hentry","category-actualite","category-maroc"],"_links":{"self":[{"href":"https:\/\/linitiative.ca\/International\/wp-json\/wp\/v2\/posts\/121241","targetHints":{"allow":["GET"]}}],"collection":[{"href":"https:\/\/linitiative.ca\/International\/wp-json\/wp\/v2\/posts"}],"about":[{"href":"https:\/\/linitiative.ca\/International\/wp-json\/wp\/v2\/types\/post"}],"author":[{"embeddable":true,"href":"https:\/\/linitiative.ca\/International\/wp-json\/wp\/v2\/users\/1760"}],"replies":[{"embeddable":true,"href":"https:\/\/linitiative.ca\/International\/wp-json\/wp\/v2\/comments?post=121241"}],"version-history":[{"count":0,"href":"https:\/\/linitiative.ca\/International\/wp-json\/wp\/v2\/posts\/121241\/revisions"}],"wp:attachment":[{"href":"https:\/\/linitiative.ca\/International\/wp-json\/wp\/v2\/media?parent=121241"}],"wp:term":[{"taxonomy":"category","embeddable":true,"href":"https:\/\/linitiative.ca\/International\/wp-json\/wp\/v2\/categories?post=121241"},{"taxonomy":"post_tag","embeddable":true,"href":"https:\/\/linitiative.ca\/International\/wp-json\/wp\/v2\/tags?post=121241"}],"curies":[{"name":"wp","href":"https:\/\/api.w.org\/{rel}","templated":true}]}}