{"id":121244,"date":"2021-07-13T11:10:00","date_gmt":"2021-07-13T15:10:00","guid":{"rendered":"https:\/\/linitiative.ca\/International\/des-mesures-delargissement-au-profit-des-detenus-pour-des-faits-lies-a-la-triche-au-bac\/"},"modified":"2021-07-13T11:10:00","modified_gmt":"2021-07-13T15:10:00","slug":"des-mesures-delargissement-au-profit-des-detenus-pour-des-faits-lies-a-la-triche-au-bac","status":"publish","type":"post","link":"https:\/\/linitiative.ca\/International\/des-mesures-delargissement-au-profit-des-detenus-pour-des-faits-lies-a-la-triche-au-bac\/","title":{"rendered":"Des mesures d&rsquo;\u00e9largissement au profit des d\u00e9tenus pour des faits li\u00e9s \u00e0 la triche au BAC"},"content":{"rendered":"<div>Le pr\u00e9sident de la R\u00e9publique, Abdelmadjid Tebboune, a d\u00e9cr\u00e9t\u00e9 \u00e0 l&rsquo;occasion de A\u00efd El Adha, des mesures d&rsquo;\u00e9largissement au profit des jeunes d\u00e9tenus pour des faits li\u00e9s \u00e0 la triche aux \u00e9preuves du BAC session 2021<\/div>\n<p>Auteur:<br \/>\n<a href=\"https:\/\/www.liberte-algerie.com\/actualite\/des-mesures-delargissement-au-profit-des-detenus-pour-des-faits-lies-a-la-triche-au-bac-361891\">Cliquez ici pour lire l&rsquo;article depuis sa source.<\/a><\/p>\n","protected":false},"excerpt":{"rendered":"<p>Le pr\u00e9sident de la R\u00e9publique, Abdelmadjid Tebboune, a d\u00e9cr\u00e9t\u00e9 \u00e0 l&rsquo;occasion de A\u00efd El Adha, des mesures d&rsquo;\u00e9largissement au profit des jeunes d\u00e9tenus pour des faits li\u00e9s \u00e0 la triche aux \u00e9preuves du BAC session 2021 Auteur: Cliquez ici pour lire l&rsquo;article depuis sa source.<\/p>\n","protected":false},"author":1742,"featured_media":0,"comment_status":"closed","ping_status":"closed","sticky":false,"template":"","format":"standard","meta":{"fifu_image_url":"","fifu_image_alt":"","footnotes":""},"categories":[73,53],"tags":[],"class_list":["post-121244","post","type-post","status-publish","format-standard","hentry","category-actualite","category-algerie"],"_links":{"self":[{"href":"https:\/\/linitiative.ca\/International\/wp-json\/wp\/v2\/posts\/121244","targetHints":{"allow":["GET"]}}],"collection":[{"href":"https:\/\/linitiative.ca\/International\/wp-json\/wp\/v2\/posts"}],"about":[{"href":"https:\/\/linitiative.ca\/International\/wp-json\/wp\/v2\/types\/post"}],"author":[{"embeddable":true,"href":"https:\/\/linitiative.ca\/International\/wp-json\/wp\/v2\/users\/1742"}],"replies":[{"embeddable":true,"href":"https:\/\/linitiative.ca\/International\/wp-json\/wp\/v2\/comments?post=121244"}],"version-history":[{"count":0,"href":"https:\/\/linitiative.ca\/International\/wp-json\/wp\/v2\/posts\/121244\/revisions"}],"wp:attachment":[{"href":"https:\/\/linitiative.ca\/International\/wp-json\/wp\/v2\/media?parent=121244"}],"wp:term":[{"taxonomy":"category","embeddable":true,"href":"https:\/\/linitiative.ca\/International\/wp-json\/wp\/v2\/categories?post=121244"},{"taxonomy":"post_tag","embeddable":true,"href":"https:\/\/linitiative.ca\/International\/wp-json\/wp\/v2\/tags?post=121244"}],"curies":[{"name":"wp","href":"https:\/\/api.w.org\/{rel}","templated":true}]}}