{"id":121246,"date":"2021-07-12T18:42:36","date_gmt":"2021-07-12T22:42:36","guid":{"rendered":"https:\/\/linitiative.ca\/International\/vehicule-electrique-une-borne-de-recharge-100-marocaine\/"},"modified":"2021-07-12T18:42:36","modified_gmt":"2021-07-12T22:42:36","slug":"vehicule-electrique-une-borne-de-recharge-100-marocaine","status":"publish","type":"post","link":"https:\/\/linitiative.ca\/International\/vehicule-electrique-une-borne-de-recharge-100-marocaine\/","title":{"rendered":"V\u00e9hicule \u00e9lectrique: Une borne de recharge 100% marocaine\u00a0\u00bb"},"content":{"rendered":"<div>\n<div style=\"margin-bottom:20px;\"><img loading=\"lazy\" decoding=\"async\" width=\"750\" height=\"430\" src=\"https:\/\/linitiative.ca\/International\/wp-content\/uploads\/sites\/23\/2021\/07\/inauguration-borne-copier.jpg\" class=\"attachment-post-thumbnail size-post-thumbnail wp-post-image\" alt=\"\" srcset=\"https:\/\/linitiative.ca\/International\/wp-content\/uploads\/sites\/23\/2021\/07\/inauguration-borne-copier.jpg 750w, http:\/\/www.mapmarrakech.ma\/map\/uploads\/2021\/07\/inauguration-borne-copier-300x172.jpg 300w\" sizes=\"auto, (max-width: 750px) 100vw, 750px\"><\/div>\n<p>Baptis\u00e9e \u00ab\u00a0iSmart\u00a0\u00bb, cette borne de recharge \u00e0 usage professionnel et domestique, est le fruit d\u2019un projet de recherche d\u00e9velopp\u00e9 par la plateforme Green Energy Park relevant de l\u2019Institut de Recherche en Energie Solaire et Energies Nouvelles (IRESEN) et l\u2019Universit\u00e9 Mohammed VI Polytechnique (UM6P), conjointement avec l\u2019entreprise marocaine EDEEP, pour r\u00e9pondre aux enjeux de la mobilit\u00e9 \u00e9lectrique.<\/p>\n<p>V\u00e9ritable aboutissement de la valorisation de la recherche scientifique, cette ligne de production permettra de g\u00e9n\u00e9rer la premi\u00e8re ann\u00e9e, une vingtaine d\u2019emplois directs au niveau de Benguerir, ainsi que plus d\u2019une centaine d\u2019emplois indirects \u00e0 travers l\u2019\u00e9cosyst\u00e8me qui a \u00e9t\u00e9 cr\u00e9\u00e9 avec diff\u00e9rents industriels nationaux dans les secteurs de l\u2019\u00e9lectronique, de la m\u00e9canique et de la distribution.<\/p>\n<p>D\u2019une capacit\u00e9 de production de 300 bornes mensuellement, cette ligne permettra d\u2019assurer la production des pr\u00e9-commandes. Elle ambitionne \u00e0 travers son extension d\u2019achever une production annuelle de 5.000 bornes \u00e0 partir de fin 2022.<\/p>\n<p>Cette solution innovante et adapt\u00e9e aux besoins du march\u00e9 national et africain permettra de garantir une multitude de services aux utilisateurs des v\u00e9hicules \u00e9lectriques et sera propos\u00e9e \u00e0 un prix de vente \u00e0 partir de 9.500 DH. Ce projet soutient la d\u00e9carbonisation du secteur de la mobilit\u00e9 et l\u2019int\u00e9gration industrielle et accompagnera les entreprises ainsi que les particuliers.<\/p>\n<p>Ce projet hautement strat\u00e9gique pour le Royaume s\u2019inscrit dans le cadre des efforts continus du Green Energy Park pour la valorisation des r\u00e9sultats de recherche et le soutien \u00e0 l\u2019entrepreneuriat vert au Maroc.<\/p>\n<p>Il repr\u00e9sente l\u2019une des composantes importantes de l\u2019infrastructure de la mobilit\u00e9 durable dans laquelle, le Maroc est engag\u00e9e sous l\u2019impulsion de Sa Majest\u00e9 Le Roi Mohammed VI.<\/p>\n<p>Soutenu par le Minist\u00e8re de l\u2019\u00c9nergie, des Mines et de l\u2019Environnement et le Minist\u00e8re de l\u2019Industrie, du Commerce et de l\u2019\u00c9conomie Verte et Num\u00e9rique, la ligne de production \u00ab\u00a0iSmart\u00a0\u00bb a \u00e9t\u00e9 install\u00e9e \u00e0 Benguerir et permet l\u2019assemblage de plusieurs composants, fabriqu\u00e9s par des entreprises marocaines partenaires.<\/p>\n<p>Compos\u00e9e de diff\u00e9rents postes industriels et \u00e9quip\u00e9e de technologie de pointe, cette ligne de production permettra la production de la borne \u00ab\u00a0iSmart\u00a0\u00bb et servira \u00e9galement au prototypage, \u00e0 la pr\u00e9-industrialisation et \u00e0 l\u2019industrialisation de nouveaux produits technologiques.<\/p>\n<p>Intervenant la c\u00e9r\u00e9monie d\u2019inauguration de cette ligne de production, le directeur g\u00e9n\u00e9ral de l\u2019IRESEN, M. Badr Ikken, a soulign\u00e9 que cette borne de recharge est le fruit d\u2019une collaboration fructueuse de valorisation de projets de recherche qui a permis de passer de la phase de la recherche et l\u2019innovation \u00e0 celle de l\u2019industrialisation.<\/p>\n<p>\u00ab\u00a0Cet \u00e9cosyst\u00e8me de l\u2019innovation est le fruit de plusieurs ann\u00e9es de l\u2019engagement de plusieurs partenaires dont l\u2019IRESEN et l\u2019UM6P, pour r\u00e9pondre aux enjeux des changements climatiques en d\u00e9carbonant notre \u00e9conomie et en encourageant l\u2019int\u00e9gration industrielle et en renfor\u00e7ant nos capacit\u00e9s\u00a0\u00bb, a-t-il ajout\u00e9, relevant que \u00ab\u00a0cette exp\u00e9rience r\u00e9ussie nous r\u00e9conforte dans nos activit\u00e9s et orientations et permettra de transposer ce mod\u00e8le sur plusieurs produits technologiques d\u00e9velopp\u00e9s par le Green Energy Park (GEP)\u00a0\u00bb.<\/p>\n<p>De son c\u00f4t\u00e9, le pr\u00e9sident de l\u2019UM6P, Hicham El Habti, a indiqu\u00e9 que cette ligne de production de la borne de recharge pour v\u00e9hicule \u00e9lectrique 100% marocaine est l\u2019aboutissement d\u2019un travail qui a dur\u00e9 pr\u00e8s de cinq ans.<\/p>\n<p>\u00ab\u00a0C\u2019est la traduction de la philosophie que portent l\u2019UM6P et l\u2019IRESEN \u00e0 savoir la valorisation des projets de recherche et la mise sur le march\u00e9 de produits d\u00e9velopp\u00e9s par la recherche et la valorisation des brevets et inventions des chercheurs marocains\u00a0\u00bb, a-t-il expliqu\u00e9, faisant savoir que cette ligne de production est aussi l\u2019aboutissement d\u2019un travail collaboratif d\u2019une \u00e9quipe motiv\u00e9e par le d\u00e9veloppement d\u2019un \u00e9cosyst\u00e8me industriel au Maroc, en s\u2019attaquant aux d\u00e9fis \u00e9nerg\u00e9tiques.<\/p>\n<p>\u00ab\u00a0Nous sommes fiers de cette r\u00e9alisation qui est le d\u00e9but d\u2019une s\u00e9rie de r\u00e9alisations similaires qui arrivent dans les prochains mois\u00a0\u00bb, a-t-il rassur\u00e9.<\/p>\n<p>Pour r\u00e9pondre \u00e0 tous les besoins et ce, quel que soit leur lieu d\u2019installation, les bornes de recharge pour v\u00e9hicules \u00e9lectriques iSmart sont con\u00e7ues de fa\u00e7on \u00e0 \u00eatre adaptables et \u00e9volutives.<\/p>\n<p>Cette borne de recharge est la premi\u00e8re d\u2019une gamme de 5 chargeurs de diff\u00e9rentes gammes (sur pied, murale, int\u00e9gr\u00e9e au cand\u00e9labre, borne rapide de 50 kW\u2026).<\/p>\n<p>La borne permet \u00e9galement de relever plusieurs donn\u00e9es environnementales, telles que le taux de CO2 dans l\u2019atmosph\u00e8re, ainsi que le diagnostic et les donn\u00e9es de recharge des v\u00e9hicules \u00e9lectriques et l\u2019affichage publicitaire et offre plusieurs avantages aux utilisateurs, notamment les communes et les complexes r\u00e9sidentiels\u2026<\/p>\n<p>The post <a rel=\"nofollow\" href=\"http:\/\/www.mapmarrakech.ma\/fr\/vehicule-electrique-une-borne-de-recharge-100-marocaine\/\">V\u00e9hicule \u00e9lectrique: Une borne de recharge 100% marocaine\u00a0\u00bb<\/a> appeared first on <a rel=\"nofollow\" href=\"http:\/\/www.mapmarrakech.ma\/fr\">MapMarrakech<\/a>.<\/p>\n<\/div>\n<p>Auteur: Meriem IGASS<br \/>\n<a href=\"http:\/\/www.mapmarrakech.ma\/fr\/vehicule-electrique-une-borne-de-recharge-100-marocaine\/\">Cliquez ici pour lire l&rsquo;article depuis sa source.<\/a><\/p>\n","protected":false},"excerpt":{"rendered":"<p>Baptis\u00e9e \u00ab\u00a0iSmart\u00a0\u00bb, cette borne de recharge \u00e0 usage professionnel et domestique, est le fruit d\u2019un projet de recherche d\u00e9velopp\u00e9 par la plateforme Green Energy Park relevant de l\u2019Institut de Recherche en Energie Solaire et Energies Nouvelles (IRESEN) et l\u2019Universit\u00e9 Mohammed VI Polytechnique (UM6P), conjointement avec l\u2019entreprise marocaine EDEEP, pour r\u00e9pondre aux enjeux de la mobilit\u00e9 [&hellip;]<\/p>\n","protected":false},"author":1788,"featured_media":0,"comment_status":"closed","ping_status":"closed","sticky":false,"template":"","format":"standard","meta":{"fifu_image_url":"http:\/\/www.mapmarrakech.ma\/map\/uploads\/2021\/07\/inauguration-borne-copier.jpg","fifu_image_alt":"V\u00e9hicule \u00e9lectrique: Une borne de recharge 100% marocaine\u00a0\u00bb","footnotes":""},"categories":[54,76],"tags":[],"class_list":["post-121246","post","type-post","status-publish","format-standard","hentry","category-maroc","category-regions"],"_links":{"self":[{"href":"https:\/\/linitiative.ca\/International\/wp-json\/wp\/v2\/posts\/121246","targetHints":{"allow":["GET"]}}],"collection":[{"href":"https:\/\/linitiative.ca\/International\/wp-json\/wp\/v2\/posts"}],"about":[{"href":"https:\/\/linitiative.ca\/International\/wp-json\/wp\/v2\/types\/post"}],"author":[{"embeddable":true,"href":"https:\/\/linitiative.ca\/International\/wp-json\/wp\/v2\/users\/1788"}],"replies":[{"embeddable":true,"href":"https:\/\/linitiative.ca\/International\/wp-json\/wp\/v2\/comments?post=121246"}],"version-history":[{"count":0,"href":"https:\/\/linitiative.ca\/International\/wp-json\/wp\/v2\/posts\/121246\/revisions"}],"wp:attachment":[{"href":"https:\/\/linitiative.ca\/International\/wp-json\/wp\/v2\/media?parent=121246"}],"wp:term":[{"taxonomy":"category","embeddable":true,"href":"https:\/\/linitiative.ca\/International\/wp-json\/wp\/v2\/categories?post=121246"},{"taxonomy":"post_tag","embeddable":true,"href":"https:\/\/linitiative.ca\/International\/wp-json\/wp\/v2\/tags?post=121246"}],"curies":[{"name":"wp","href":"https:\/\/api.w.org\/{rel}","templated":true}]}}