{"id":121250,"date":"2021-07-12T19:05:17","date_gmt":"2021-07-12T23:05:17","guid":{"rendered":"https:\/\/linitiative.ca\/International\/signature-de-conventions-de-partenariat-sur-la-mobilite-electrique\/"},"modified":"2021-07-12T19:05:17","modified_gmt":"2021-07-12T23:05:17","slug":"signature-de-conventions-de-partenariat-sur-la-mobilite-electrique","status":"publish","type":"post","link":"https:\/\/linitiative.ca\/International\/signature-de-conventions-de-partenariat-sur-la-mobilite-electrique\/","title":{"rendered":"Signature de conventions de partenariat sur la mobilit\u00e9 \u00e9lectrique"},"content":{"rendered":"<div>\n<div style=\"margin-bottom:20px;\"><img loading=\"lazy\" decoding=\"async\" width=\"750\" height=\"430\" src=\"https:\/\/linitiative.ca\/International\/wp-content\/uploads\/sites\/23\/2021\/07\/signature-benguerir-copier.jpg\" class=\"attachment-post-thumbnail size-post-thumbnail wp-post-image\" alt=\"\" srcset=\"https:\/\/linitiative.ca\/International\/wp-content\/uploads\/sites\/23\/2021\/07\/signature-benguerir-copier.jpg 750w, http:\/\/www.mapmarrakech.ma\/map\/uploads\/2021\/07\/signature-benguerir-copier-300x172.jpg 300w\" sizes=\"auto, (max-width: 750px) 100vw, 750px\"><\/div>\n<p>Sign\u00e9es entre le Green Energy Park (GEP), plateforme verte d\u00e9velopp\u00e9e par l\u2019Institut de Recherche en Energie Solaire et Energies Nouvelles (IRESEN), et des organismes ou soci\u00e9t\u00e9s nationaux et usagers de solutions technologiques, ces conventions visent \u00e0 encourager la mobilit\u00e9 \u00e9lectrique durable \u00e0 travers l\u2019industrialisation de solutions marocaines et le d\u00e9veloppement d\u2019un \u00e9cosyst\u00e8me national sur la mobilit\u00e9 \u00e9lectrique.<\/p>\n<p>La premi\u00e8re convention, sign\u00e9e entre le GEP et la soci\u00e9t\u00e9 EMVC (Emove Vehicules Company), s\u2019assigne pour objectif le d\u00e9veloppement de solutions de mobilit\u00e9 l\u00e9g\u00e8re.<\/p>\n<p>Quant \u00e0 la seconde convention de partenariat paraph\u00e9e entre le GEP et CENTRELEC, acteur national incontournable dans les m\u00e9tiers de la conception, fabrication et installation \u00e9lectrique, elle vise le d\u00e9veloppement de solutions de mobilit\u00e9 \u00e9lectrique et de solutions de conversion de la puissance.<\/p>\n<p>La 3\u00e8me convention de partenariat, conclue entre GEP, IRESEN et la Soci\u00e9t\u00e9 d\u2019am\u00e9nagement Zenata (filiale du groupe CDG), a pour objet l\u2019int\u00e9gration de solutions de mobilit\u00e9 durable et des r\u00e9seaux intelligents au niveau de l\u2019Eco-cit\u00e9 de Zenata.<\/p>\n<p>La 4\u00e8me convention de partenariat, sign\u00e9e entre l\u2019Agence Marocaine pour l\u2019Efficacit\u00e9 Energ\u00e9tique (AMEE) et le GEP, est une convention sp\u00e9cifique pour le d\u00e9ploiement des bornes \u00ab\u00a0iSmart\u00a0\u00bb au niveau des villes du Maroc.<\/p>\n<p>La cinqui\u00e8me convention, paraph\u00e9e entre GEP et Yoom, concerne un contrat pour le d\u00e9ploiement de borne iSmart au niveau des stations services, alors que la 6\u00e8me convention, conclue entre GEP et la soci\u00e9t\u00e9 Valtronic, vise la cr\u00e9ation de l\u2019\u00e9cosyst\u00e8me pour la production de la borne \u00ab\u00a0iSmart\u00a0\u00bb.<\/p>\n<p>Une autre convention sign\u00e9e entre GEP et la soci\u00e9t\u00e9 ADELMA, a pour objet la cr\u00e9ation de l\u2019\u00e9cosyst\u00e8me pour la production de la borne \u00ab\u00a0iSmart\u00a0\u00bb, alors que le 8\u00e8me partenariat, conclu entre Halmes Maroc et GEP, se rapporte \u00e0 la cr\u00e9ation de l\u2019\u00e9cosyst\u00e8me pour la production de la borne \u00ab\u00a0iSmart\u00a0\u00bb.<\/p>\n<p>La derni\u00e8re convention, sign\u00e9e entre Green Energy Park et la soci\u00e9t\u00e9 Afri Mobility, vise, quant \u00e0 elle, le d\u00e9veloppement d\u2019une borne \u00e0 recharge rapide pour les v\u00e9hicules \u00e9lectriques.<\/p>\n<p>The post <a rel=\"nofollow\" href=\"http:\/\/www.mapmarrakech.ma\/fr\/signature-de-conventions-de-partenariat-sur-la-mobilite-electrique\/\">Signature de conventions de partenariat sur la mobilit\u00e9 \u00e9lectrique<\/a> appeared first on <a rel=\"nofollow\" href=\"http:\/\/www.mapmarrakech.ma\/fr\">MapMarrakech<\/a>.<\/p>\n<\/div>\n<p>Auteur: Meriem IGASS<br \/>\n<a href=\"http:\/\/www.mapmarrakech.ma\/fr\/signature-de-conventions-de-partenariat-sur-la-mobilite-electrique\/\">Cliquez ici pour lire l&rsquo;article depuis sa source.<\/a><\/p>\n","protected":false},"excerpt":{"rendered":"<p>Sign\u00e9es entre le Green Energy Park (GEP), plateforme verte d\u00e9velopp\u00e9e par l\u2019Institut de Recherche en Energie Solaire et Energies Nouvelles (IRESEN), et des organismes ou soci\u00e9t\u00e9s nationaux et usagers de solutions technologiques, ces conventions visent \u00e0 encourager la mobilit\u00e9 \u00e9lectrique durable \u00e0 travers l\u2019industrialisation de solutions marocaines et le d\u00e9veloppement d\u2019un \u00e9cosyst\u00e8me national sur la [&hellip;]<\/p>\n","protected":false},"author":1788,"featured_media":0,"comment_status":"closed","ping_status":"closed","sticky":false,"template":"","format":"standard","meta":{"fifu_image_url":"http:\/\/www.mapmarrakech.ma\/map\/uploads\/2021\/07\/signature-benguerir-copier.jpg","fifu_image_alt":"Signature de conventions de partenariat sur la mobilit\u00e9 \u00e9lectrique","footnotes":""},"categories":[54,76],"tags":[],"class_list":["post-121250","post","type-post","status-publish","format-standard","hentry","category-maroc","category-regions"],"_links":{"self":[{"href":"https:\/\/linitiative.ca\/International\/wp-json\/wp\/v2\/posts\/121250","targetHints":{"allow":["GET"]}}],"collection":[{"href":"https:\/\/linitiative.ca\/International\/wp-json\/wp\/v2\/posts"}],"about":[{"href":"https:\/\/linitiative.ca\/International\/wp-json\/wp\/v2\/types\/post"}],"author":[{"embeddable":true,"href":"https:\/\/linitiative.ca\/International\/wp-json\/wp\/v2\/users\/1788"}],"replies":[{"embeddable":true,"href":"https:\/\/linitiative.ca\/International\/wp-json\/wp\/v2\/comments?post=121250"}],"version-history":[{"count":0,"href":"https:\/\/linitiative.ca\/International\/wp-json\/wp\/v2\/posts\/121250\/revisions"}],"wp:attachment":[{"href":"https:\/\/linitiative.ca\/International\/wp-json\/wp\/v2\/media?parent=121250"}],"wp:term":[{"taxonomy":"category","embeddable":true,"href":"https:\/\/linitiative.ca\/International\/wp-json\/wp\/v2\/categories?post=121250"},{"taxonomy":"post_tag","embeddable":true,"href":"https:\/\/linitiative.ca\/International\/wp-json\/wp\/v2\/tags?post=121250"}],"curies":[{"name":"wp","href":"https:\/\/api.w.org\/{rel}","templated":true}]}}