{"id":121256,"date":"2021-07-12T16:42:38","date_gmt":"2021-07-12T20:42:38","guid":{"rendered":"https:\/\/linitiative.ca\/International\/ministere-de-la-sante-actualisation-des-dispositions-sanitaires-pour-les-voyages-internationaux\/"},"modified":"2021-07-12T16:42:38","modified_gmt":"2021-07-12T20:42:38","slug":"ministere-de-la-sante-actualisation-des-dispositions-sanitaires-pour-les-voyages-internationaux","status":"publish","type":"post","link":"https:\/\/linitiative.ca\/International\/ministere-de-la-sante-actualisation-des-dispositions-sanitaires-pour-les-voyages-internationaux\/","title":{"rendered":"Minist\u00e8re de la Sant\u00e9: Actualisation des dispositions sanitaires pour les voyages internationaux"},"content":{"rendered":"<div>\n<div style=\"margin-bottom:20px;\"><img loading=\"lazy\" decoding=\"async\" width=\"750\" height=\"430\" src=\"https:\/\/linitiative.ca\/International\/wp-content\/uploads\/sites\/23\/2021\/07\/MinistC3A8re-de-la-SantC3A9-Marocaine-M750C397430-MAP-1.jpg\" class=\"attachment-post-thumbnail size-post-thumbnail wp-post-image\" alt=\"\" srcset=\"https:\/\/linitiative.ca\/International\/wp-content\/uploads\/sites\/23\/2021\/07\/MinistC3A8re-de-la-SantC3A9-Marocaine-M750C397430-MAP-1.jpg 750w, http:\/\/www.mapoujda.ma\/map\/uploads\/2020\/03\/Minist\u00e8re-de-la-Sant\u00e9-Marocaine-M750\u00d7430-MAP-1-300x172.jpg 300w\" sizes=\"auto, (max-width: 750px) 100vw, 750px\"><\/div>\n<div>\n<p style=\"text-align: justify;\">Rabat, 12\/07\/2021 (MAP) \u2013 Le minist\u00e8re de la Sant\u00e9 a actualis\u00e9, lundi, les dispositions sanitaires pour les voyages internationaux. Voici les mesures pr\u00e9vues:<\/p>\n<p style=\"text-align: justify;\">1. Mesures communes:<\/p>\n<p style=\"text-align: justify;\">\u2013 Fiche sanitaire du passager, \u00e0 t\u00e9l\u00e9charger en ligne avant embarquement\u00a0(distribu\u00e9e aussi \u00e0 bord de l\u2019a\u00e9ronef ou du navire), d\u00fbment renseign\u00e9e,\u00a0notamment l\u2019adresse du passager et deux num\u00e9ros de t\u00e9l\u00e9phone permettant de\u00a0le localiser, en cas de besoin, pendant les 10 jours qui suivent son arriv\u00e9e sur le\u00a0territoire national;<\/p>\n<p style=\"text-align: justify;\">\u2013 Respect des mesures instaur\u00e9es au Maroc : port du masque \u00e0 l\u2019ext\u00e9rieur,\u00a0distanciation physique et hygi\u00e8ne des mains.<\/p>\n<p style=\"text-align: justify;\">\n<p style=\"text-align: justify;\">2. Pays de la liste A:<\/p>\n<p style=\"text-align: justify;\">\u2013 Un certificat attestant que la personne est compl\u00e8tement vaccin\u00e9e par un des\u00a0vaccins cit\u00e9s ci-dessous\u00a0;<\/p>\n<p style=\"text-align: justify;\">OU<\/p>\n<p style=\"text-align: justify;\">\u2013 Pour les personnes non ou incompl\u00e8tement vaccin\u00e9es, un test PCR n\u00e9gatif\u00a0datant de moins de 72 heures\u00a0(d\u00e9lai entre pr\u00e9l\u00e8vement et embarquement).<\/p>\n<p style=\"text-align: justify;\">\n<p style=\"text-align: justify;\">3. Pays de la liste B:<\/p>\n<p style=\"text-align: justify;\">\u2013 Pour les personnes compl\u00e8tement vaccin\u00e9es\u00a0:<\/p>\n<p style=\"text-align: justify;\">o Un certificat attestant que la personne est compl\u00e8tement vaccin\u00e9e par\u00a0un des vaccins ci-dessous\u00a0;<\/p>\n<p style=\"text-align: justify;\">ET<\/p>\n<p style=\"text-align: justify;\">o Un test PCR n\u00e9gatif datant de moins de 48 heures\u00a0(d\u00e9lai entre\u00a0pr\u00e9l\u00e8vement et embarquement) ;<\/p>\n<p style=\"text-align: justify;\">\n<p style=\"text-align: justify;\">\u2013 Pour les personnes non ou incompl\u00e8tement vaccin\u00e9es\u00a0:<\/p>\n<p style=\"text-align: justify;\">o Un test PCR n\u00e9gatif datant de moins de 48 heures\u00a0(d\u00e9lai entre\u00a0pr\u00e9l\u00e8vement et embarquement);<\/p>\n<p style=\"text-align: justify;\">ET<\/p>\n<p style=\"text-align: justify;\">o Quarantaine contr\u00f4l\u00e9e de 10 jours, \u00e0 la charge de l\u2019int\u00e9ress\u00e9 dans une\u00a0des structures pr\u00e9alablement d\u00e9sign\u00e9es\u00a0par les autorit\u00e9s locales, avec\u00a0un test PCR de contr\u00f4le au 9-\u00e8me jour\u00a0;<\/p>\n<p style=\"text-align: justify;\">Pour les citoyens marocains ou les personnes originaires du\u00a0Maroc\u00a0: auto-isolement \u00e0 domicile pendant 5 jours, avec un test de\u00a0d\u00e9pistage (antig\u00e9nique rapide ou PCR) au 5-\u00e8me jour.<\/p>\n<p style=\"text-align: justify;\">NB\u00a0: \u2013 Les enfants \u00e2g\u00e9s de moins de 11 ans sont dispens\u00e9s de la PCR de d\u00e9pistage\u00a0quelle que soit la provenance.<\/p>\n<p style=\"text-align: justify;\">\u00a0 \u00a0 \u00a0 \u2013 Une personne est consid\u00e9r\u00e9e compl\u00e9tement vaccin\u00e9e apr\u00e8s\u00a02 semaines de la derni\u00e8re dose requise.<\/p>\n<p style=\"text-align: justify;\">\n<p style=\"text-align: justify;\">*Liste des vaccins accept\u00e9s au Maroc:<\/p>\n<p style=\"text-align: justify;\">\u2013 Astrazeneca-SK Bio;<\/p>\n<p style=\"text-align: justify;\">\u2013 Sinopharm;<\/p>\n<p style=\"text-align: justify;\">\u2013 Sputnik;<\/p>\n<p style=\"text-align: justify;\">\u2013 Pfizer\/BioNTech;<\/p>\n<p style=\"text-align: justify;\">\u2013 Janssen (Johnson &amp; Johnson);<\/p>\n<p style=\"text-align: justify;\">\u2013 Covishield (Serum Institute of India);<\/p>\n<p style=\"text-align: justify;\">\u2013 Moderna;<\/p>\n<p style=\"text-align: justify;\">\u2013 Sinovac.<\/p>\n<\/div>\n<p>L\u2019article <a rel=\"nofollow\" href=\"http:\/\/www.mapoujda.ma\/fr\/ministere-de-la-sante-actualisation-des-dispositions-sanitaires-pour-les-voyages-internationaux\/\">Minist\u00e8re de la Sant\u00e9: Actualisation des dispositions sanitaires pour les voyages internationaux<\/a> est apparu en premier sur <a rel=\"nofollow\" href=\"http:\/\/www.mapoujda.ma\/fr\">MapOujda<\/a>.<\/p>\n<\/div>\n<p>Auteur: Soufiane ELAHMAR<br \/>\n<a href=\"http:\/\/www.mapoujda.ma\/fr\/ministere-de-la-sante-actualisation-des-dispositions-sanitaires-pour-les-voyages-internationaux\/\">Cliquez ici pour lire l&rsquo;article depuis sa source.<\/a><\/p>\n","protected":false},"excerpt":{"rendered":"<p>Rabat, 12\/07\/2021 (MAP) \u2013 Le minist\u00e8re de la Sant\u00e9 a actualis\u00e9, lundi, les dispositions sanitaires pour les voyages internationaux. Voici les mesures pr\u00e9vues: 1. Mesures communes: \u2013 Fiche sanitaire du passager, \u00e0 t\u00e9l\u00e9charger en ligne avant embarquement\u00a0(distribu\u00e9e aussi \u00e0 bord de l\u2019a\u00e9ronef ou du navire), d\u00fbment renseign\u00e9e,\u00a0notamment l\u2019adresse du passager et deux num\u00e9ros de t\u00e9l\u00e9phone [&hellip;]<\/p>\n","protected":false},"author":1788,"featured_media":0,"comment_status":"closed","ping_status":"closed","sticky":false,"template":"","format":"standard","meta":{"fifu_image_url":"http:\/\/www.mapoujda.ma\/map\/uploads\/2020\/03\/Minist\u00e8re-de-la-Sant\u00e9-Marocaine-M750\u00d7430-MAP-1.jpg","fifu_image_alt":"Minist\u00e8re de la Sant\u00e9: Actualisation des dispositions sanitaires pour les voyages internationaux","footnotes":""},"categories":[54,76],"tags":[],"class_list":["post-121256","post","type-post","status-publish","format-standard","hentry","category-maroc","category-regions"],"_links":{"self":[{"href":"https:\/\/linitiative.ca\/International\/wp-json\/wp\/v2\/posts\/121256","targetHints":{"allow":["GET"]}}],"collection":[{"href":"https:\/\/linitiative.ca\/International\/wp-json\/wp\/v2\/posts"}],"about":[{"href":"https:\/\/linitiative.ca\/International\/wp-json\/wp\/v2\/types\/post"}],"author":[{"embeddable":true,"href":"https:\/\/linitiative.ca\/International\/wp-json\/wp\/v2\/users\/1788"}],"replies":[{"embeddable":true,"href":"https:\/\/linitiative.ca\/International\/wp-json\/wp\/v2\/comments?post=121256"}],"version-history":[{"count":0,"href":"https:\/\/linitiative.ca\/International\/wp-json\/wp\/v2\/posts\/121256\/revisions"}],"wp:attachment":[{"href":"https:\/\/linitiative.ca\/International\/wp-json\/wp\/v2\/media?parent=121256"}],"wp:term":[{"taxonomy":"category","embeddable":true,"href":"https:\/\/linitiative.ca\/International\/wp-json\/wp\/v2\/categories?post=121256"},{"taxonomy":"post_tag","embeddable":true,"href":"https:\/\/linitiative.ca\/International\/wp-json\/wp\/v2\/tags?post=121256"}],"curies":[{"name":"wp","href":"https:\/\/api.w.org\/{rel}","templated":true}]}}