{"id":121260,"date":"2021-07-13T12:38:16","date_gmt":"2021-07-13T16:38:16","guid":{"rendered":"https:\/\/linitiative.ca\/International\/la-vague-de-chaleur-entraine-une-hausse-de-la-consommation-de-lelectricite\/"},"modified":"2021-07-13T12:38:16","modified_gmt":"2021-07-13T16:38:16","slug":"la-vague-de-chaleur-entraine-une-hausse-de-la-consommation-de-lelectricite","status":"publish","type":"post","link":"https:\/\/linitiative.ca\/International\/la-vague-de-chaleur-entraine-une-hausse-de-la-consommation-de-lelectricite\/","title":{"rendered":"La vague de chaleur entraine une hausse de la consommation de l\u2019\u00e9lectricit\u00e9"},"content":{"rendered":"<div>\n<div style=\"margin-bottom:20px;\"><img loading=\"lazy\" decoding=\"async\" width=\"750\" height=\"430\" src=\"https:\/\/linitiative.ca\/International\/wp-content\/uploads\/sites\/23\/2021\/07\/ONEE-750x430-1.jpg\" class=\"attachment-post-thumbnail size-post-thumbnail wp-post-image\" alt=\"\" srcset=\"https:\/\/linitiative.ca\/International\/wp-content\/uploads\/sites\/23\/2021\/07\/ONEE-750x430-1.jpg 750w, http:\/\/www.mapoujda.ma\/map\/uploads\/2020\/04\/ONEE-750x430-300x172.jpg 300w\" sizes=\"auto, (max-width: 750px) 100vw, 750px\"><\/div>\n<p style=\"text-align: justify;\">Le Maroc a connu, depuis le d\u00e9but de la semaine du 05 juillet courant, une vague de chaleur ayant entrain\u00e9 une hausse de la consommation de l\u2019\u00e9lectricit\u00e9, selon l\u2019Office National de l\u2019\u00e9lectricit\u00e9 et de l\u2019eau potable (ONEE).<\/p>\n<p style=\"text-align: justify;\">La demande de l\u2019\u00e9nergie \u00e9lectrique, qui conna\u00eet au Maroc un accroissement important durant les p\u00e9riodes estivales, s\u2019explique essentiellement cette ann\u00e9e par une utilisation massive de la climatisation dans les secteurs tertiaire et r\u00e9sidentiel et des pompages agricoles pour les besoins d\u2019irrigation et ce, en raison des fortes chaleurs qu\u2019enregistrent actuellement la quasi-totalit\u00e9 des r\u00e9gions du Royaume, indique l\u2019Office dans un communiqu\u00e9.<\/p>\n<p style=\"text-align: justify;\">C\u2019est ainsi que le record de la pointe du soir a \u00e9t\u00e9 enregistr\u00e9 le 12 juillet 2021 et a atteint 6.710 MW \u00e0 21h45, soit une hausse de 270 MW par rapport \u00e0 celui de l\u2019ann\u00e9e 2020.<\/p>\n<p style=\"text-align: justify;\">Durant la m\u00eame journ\u00e9e la puissance maximale appel\u00e9e \u00e0 la pointe du matin a atteint 6.634 MW \u00e0 12h00, en hausse de 279 MW par rapport \u00e0 celle enregistr\u00e9e durant l\u2019ann\u00e9e pr\u00e9c\u00e9dente.<\/p>\n<p style=\"text-align: justify;\">En tant que garant de l\u2019\u00e9quilibre Offre-Demande, l\u2019ONEE d\u00e9veloppe continuellement son parc de production et dispose des capacit\u00e9s suffisantes pour faire face \u00e0 l\u2019\u00e9volution de la demande et ce, dans les meilleures conditions de co\u00fbt, de s\u00e9curit\u00e9 et de qualit\u00e9 de service.<\/p>\n<p>L\u2019article <a rel=\"nofollow\" href=\"http:\/\/www.mapoujda.ma\/fr\/la-vague-de-chaleur-entraine-une-hausse-de-la-consommation-de-lelectricite\/\">La vague de chaleur entraine une hausse de la consommation de l\u2019\u00e9lectricit\u00e9<\/a> est apparu en premier sur <a rel=\"nofollow\" href=\"http:\/\/www.mapoujda.ma\/fr\">MapOujda<\/a>.<\/p>\n<\/div>\n<p>Auteur: Soufiane ELAHMAR<br \/>\n<a href=\"http:\/\/www.mapoujda.ma\/fr\/la-vague-de-chaleur-entraine-une-hausse-de-la-consommation-de-lelectricite\/\">Cliquez ici pour lire l&rsquo;article depuis sa source.<\/a><\/p>\n","protected":false},"excerpt":{"rendered":"<p>Le Maroc a connu, depuis le d\u00e9but de la semaine du 05 juillet courant, une vague de chaleur ayant entrain\u00e9 une hausse de la consommation de l\u2019\u00e9lectricit\u00e9, selon l\u2019Office National de l\u2019\u00e9lectricit\u00e9 et de l\u2019eau potable (ONEE). La demande de l\u2019\u00e9nergie \u00e9lectrique, qui conna\u00eet au Maroc un accroissement important durant les p\u00e9riodes estivales, s\u2019explique essentiellement [&hellip;]<\/p>\n","protected":false},"author":1788,"featured_media":0,"comment_status":"closed","ping_status":"closed","sticky":false,"template":"","format":"standard","meta":{"fifu_image_url":"http:\/\/www.mapoujda.ma\/map\/uploads\/2020\/04\/ONEE-750x430.jpg","fifu_image_alt":"La vague de chaleur entraine une hausse de la consommation de l\u2019\u00e9lectricit\u00e9","footnotes":""},"categories":[54,76],"tags":[],"class_list":["post-121260","post","type-post","status-publish","format-standard","hentry","category-maroc","category-regions"],"_links":{"self":[{"href":"https:\/\/linitiative.ca\/International\/wp-json\/wp\/v2\/posts\/121260","targetHints":{"allow":["GET"]}}],"collection":[{"href":"https:\/\/linitiative.ca\/International\/wp-json\/wp\/v2\/posts"}],"about":[{"href":"https:\/\/linitiative.ca\/International\/wp-json\/wp\/v2\/types\/post"}],"author":[{"embeddable":true,"href":"https:\/\/linitiative.ca\/International\/wp-json\/wp\/v2\/users\/1788"}],"replies":[{"embeddable":true,"href":"https:\/\/linitiative.ca\/International\/wp-json\/wp\/v2\/comments?post=121260"}],"version-history":[{"count":0,"href":"https:\/\/linitiative.ca\/International\/wp-json\/wp\/v2\/posts\/121260\/revisions"}],"wp:attachment":[{"href":"https:\/\/linitiative.ca\/International\/wp-json\/wp\/v2\/media?parent=121260"}],"wp:term":[{"taxonomy":"category","embeddable":true,"href":"https:\/\/linitiative.ca\/International\/wp-json\/wp\/v2\/categories?post=121260"},{"taxonomy":"post_tag","embeddable":true,"href":"https:\/\/linitiative.ca\/International\/wp-json\/wp\/v2\/tags?post=121260"}],"curies":[{"name":"wp","href":"https:\/\/api.w.org\/{rel}","templated":true}]}}