{"id":121262,"date":"2021-07-13T12:50:33","date_gmt":"2021-07-13T16:50:33","guid":{"rendered":"https:\/\/linitiative.ca\/International\/perception-moins-pessimiste-de-la-capacite-future-des-menages-a-epargner\/"},"modified":"2021-07-13T12:50:33","modified_gmt":"2021-07-13T16:50:33","slug":"perception-moins-pessimiste-de-la-capacite-future-des-menages-a-epargner","status":"publish","type":"post","link":"https:\/\/linitiative.ca\/International\/perception-moins-pessimiste-de-la-capacite-future-des-menages-a-epargner\/","title":{"rendered":"Perception moins pessimiste de la capacit\u00e9 future des m\u00e9nages \u00e0 \u00e9pargner"},"content":{"rendered":"<div>\n<div style=\"margin-bottom:20px;\"><img loading=\"lazy\" decoding=\"async\" width=\"750\" height=\"430\" src=\"https:\/\/linitiative.ca\/International\/wp-content\/uploads\/sites\/23\/2021\/07\/Logo-HCP-750C397430-DR.jpg\" class=\"attachment-post-thumbnail size-post-thumbnail wp-post-image\" alt=\"\" srcset=\"https:\/\/linitiative.ca\/International\/wp-content\/uploads\/sites\/23\/2021\/07\/Logo-HCP-750C397430-DR.jpg 750w, http:\/\/www.mapoujda.ma\/map\/uploads\/2021\/06\/Logo-HCP-750\u00d7430-DR-300x172.jpg 300w\" sizes=\"auto, (max-width: 750px) 100vw, 750px\"><\/div>\n<div>\n<p style=\"text-align: justify;\">La perception de la capacit\u00e9 future des m\u00e9nages \u00e0 \u00e9pargner a \u00e9t\u00e9 moins pessimiste au deuxi\u00e8me trimestre 2021, selon les r\u00e9sultats de l\u2019enqu\u00eate permanente de conjoncture aupr\u00e8s des m\u00e9nages, men\u00e9e par le Haut-Commissariat au Plan (HCP).<\/p>\n<p style=\"text-align: justify;\">\u00ab\u00a0Au deuxi\u00e8me trimestre de 2021, 16,4% contre 83,6% des m\u00e9nages s\u2019attendent \u00e0 \u00e9pargner au cours des 12 prochains mois. Le solde d\u2019opinion relatif \u00e0 cet indicateur est rest\u00e9 n\u00e9gatif, \u00e0 moins 67,2 points au lieu de moins 60,8 points au trimestre pr\u00e9c\u00e9dent et moins 70,4 le m\u00eame trimestre de l\u2019ann\u00e9e pass\u00e9e\u00a0\u00bb, indique le HCP qui vient de publier une note d\u2019information sur les r\u00e9sultats de cette enqu\u00eate.<\/p>\n<p style=\"text-align: justify;\">Ladite enqu\u00eate r\u00e9v\u00e8le aussi qu\u2019au T2-2021, 87,1% des m\u00e9nages d\u00e9clarent que les prix des produits alimentaires ont augment\u00e9 au cours des 12 derniers mois, contre une proportion minime des m\u00e9nages (0,3%) qui ressentent leur diminution.<\/p>\n<p style=\"text-align: justify;\">Le solde d\u2019opinion de cet indicateur continue sa tendance baissi\u00e8re avec moins 86,8 points, apr\u00e8s avoir \u00e9t\u00e9 de moins 74 points le trimestre pr\u00e9c\u00e9dent et de moins 67,6 points une ann\u00e9e auparavant, pr\u00e9cise la m\u00eame source.<\/p>\n<p style=\"text-align: justify;\">Au cours des 12 prochains mois, les prix des produits alimentaires devraient continuer \u00e0 augmenter selon 70,6% des m\u00e9nages contre 2,9% seulement qui s\u2019attendent \u00e0 leur baisse. Le solde d\u2019opinion est ainsi rest\u00e9 n\u00e9gatif, se situant \u00e0 moins 67,6 points, au lieu de moins 60,2 points enregistr\u00e9s un trimestre auparavant et moins 69,0 points une ann\u00e9e pass\u00e9e.<\/p>\n<\/div>\n<p>L\u2019article <a rel=\"nofollow\" href=\"http:\/\/www.mapoujda.ma\/fr\/perception-moins-pessimiste-de-la-capacite-future-des-menages-a-epargner\/\">Perception moins pessimiste de la capacit\u00e9 future des m\u00e9nages \u00e0 \u00e9pargner<\/a> est apparu en premier sur <a rel=\"nofollow\" href=\"http:\/\/www.mapoujda.ma\/fr\">MapOujda<\/a>.<\/p>\n<\/div>\n<p>Auteur: Soufiane ELAHMAR<br \/>\n<a href=\"http:\/\/www.mapoujda.ma\/fr\/perception-moins-pessimiste-de-la-capacite-future-des-menages-a-epargner\/\">Cliquez ici pour lire l&rsquo;article depuis sa source.<\/a><\/p>\n","protected":false},"excerpt":{"rendered":"<p>La perception de la capacit\u00e9 future des m\u00e9nages \u00e0 \u00e9pargner a \u00e9t\u00e9 moins pessimiste au deuxi\u00e8me trimestre 2021, selon les r\u00e9sultats de l\u2019enqu\u00eate permanente de conjoncture aupr\u00e8s des m\u00e9nages, men\u00e9e par le Haut-Commissariat au Plan (HCP). \u00ab\u00a0Au deuxi\u00e8me trimestre de 2021, 16,4% contre 83,6% des m\u00e9nages s\u2019attendent \u00e0 \u00e9pargner au cours des 12 prochains mois. [&hellip;]<\/p>\n","protected":false},"author":1788,"featured_media":0,"comment_status":"closed","ping_status":"closed","sticky":false,"template":"","format":"standard","meta":{"fifu_image_url":"http:\/\/www.mapoujda.ma\/map\/uploads\/2021\/06\/Logo-HCP-750\u00d7430-DR.jpg","fifu_image_alt":"Perception moins pessimiste de la capacit\u00e9 future des m\u00e9nages \u00e0 \u00e9pargner","footnotes":""},"categories":[54,76],"tags":[],"class_list":["post-121262","post","type-post","status-publish","format-standard","hentry","category-maroc","category-regions"],"_links":{"self":[{"href":"https:\/\/linitiative.ca\/International\/wp-json\/wp\/v2\/posts\/121262","targetHints":{"allow":["GET"]}}],"collection":[{"href":"https:\/\/linitiative.ca\/International\/wp-json\/wp\/v2\/posts"}],"about":[{"href":"https:\/\/linitiative.ca\/International\/wp-json\/wp\/v2\/types\/post"}],"author":[{"embeddable":true,"href":"https:\/\/linitiative.ca\/International\/wp-json\/wp\/v2\/users\/1788"}],"replies":[{"embeddable":true,"href":"https:\/\/linitiative.ca\/International\/wp-json\/wp\/v2\/comments?post=121262"}],"version-history":[{"count":0,"href":"https:\/\/linitiative.ca\/International\/wp-json\/wp\/v2\/posts\/121262\/revisions"}],"wp:attachment":[{"href":"https:\/\/linitiative.ca\/International\/wp-json\/wp\/v2\/media?parent=121262"}],"wp:term":[{"taxonomy":"category","embeddable":true,"href":"https:\/\/linitiative.ca\/International\/wp-json\/wp\/v2\/categories?post=121262"},{"taxonomy":"post_tag","embeddable":true,"href":"https:\/\/linitiative.ca\/International\/wp-json\/wp\/v2\/tags?post=121262"}],"curies":[{"name":"wp","href":"https:\/\/api.w.org\/{rel}","templated":true}]}}