{"id":121267,"date":"2021-07-13T12:00:25","date_gmt":"2021-07-13T16:00:25","guid":{"rendered":"https:\/\/linitiative.ca\/International\/vague-de-chaleur-la-consommation-electrique-saccelere\/"},"modified":"2021-07-13T12:00:25","modified_gmt":"2021-07-13T16:00:25","slug":"vague-de-chaleur-la-consommation-electrique-saccelere","status":"publish","type":"post","link":"https:\/\/linitiative.ca\/International\/vague-de-chaleur-la-consommation-electrique-saccelere\/","title":{"rendered":"Vague de chaleur:  La consommation \u00e9lectrique s&rsquo;acc\u00e9l\u00e8re"},"content":{"rendered":"<div>\n<div class=\"field field-name-body field-type-text-with-summary field-label-hidden\">\n<div class=\"field-items\">\n<div class=\"field-item even\" property=\"content:encoded\">\n<p class=\"rtejustify\">La vague de chaleur que conna\u00eet le\u00a0Maroc a aussi son impact sur la consommation d&rsquo;\u00e9lectricit\u00e9. Le Maroc a connu, depuis le d\u00e9but de la semaine du 05 juillet courant, une vague de chaleur ayant entra\u00een\u00e9 une hausse de la consommation de l&rsquo;\u00e9lectricit\u00e9, indique\u00a0 l&rsquo;Office National de l&rsquo;\u00e9lectricit\u00e9 et de l&rsquo;eau potable (ONEE);<\/p>\n<\/div>\n<\/div>\n<\/div>\n<\/div>\n<p>Auteur: hgueye<br \/>\n<a href=\"https:\/\/www.leconomiste.com\/flash-infos\/vague-de-chaleur-la-consommation-electrique-s-accelere\">Cliquez ici pour lire l&rsquo;article depuis sa source.<\/a><\/p>\n","protected":false},"excerpt":{"rendered":"<p>La vague de chaleur que conna\u00eet le\u00a0Maroc a aussi son impact sur la consommation d&rsquo;\u00e9lectricit\u00e9. Le Maroc a connu, depuis le d\u00e9but de la semaine du 05 juillet courant, une vague de chaleur ayant entra\u00een\u00e9 une hausse de la consommation de l&rsquo;\u00e9lectricit\u00e9, indique\u00a0 l&rsquo;Office National de l&rsquo;\u00e9lectricit\u00e9 et de l&rsquo;eau potable (ONEE); Auteur: hgueye Cliquez [&hellip;]<\/p>\n","protected":false},"author":1763,"featured_media":0,"comment_status":"closed","ping_status":"closed","sticky":false,"template":"","format":"standard","meta":{"fifu_image_url":"","fifu_image_alt":"","footnotes":""},"categories":[78,54],"tags":[],"class_list":["post-121267","post","type-post","status-publish","format-standard","hentry","category-economie","category-maroc"],"_links":{"self":[{"href":"https:\/\/linitiative.ca\/International\/wp-json\/wp\/v2\/posts\/121267","targetHints":{"allow":["GET"]}}],"collection":[{"href":"https:\/\/linitiative.ca\/International\/wp-json\/wp\/v2\/posts"}],"about":[{"href":"https:\/\/linitiative.ca\/International\/wp-json\/wp\/v2\/types\/post"}],"author":[{"embeddable":true,"href":"https:\/\/linitiative.ca\/International\/wp-json\/wp\/v2\/users\/1763"}],"replies":[{"embeddable":true,"href":"https:\/\/linitiative.ca\/International\/wp-json\/wp\/v2\/comments?post=121267"}],"version-history":[{"count":0,"href":"https:\/\/linitiative.ca\/International\/wp-json\/wp\/v2\/posts\/121267\/revisions"}],"wp:attachment":[{"href":"https:\/\/linitiative.ca\/International\/wp-json\/wp\/v2\/media?parent=121267"}],"wp:term":[{"taxonomy":"category","embeddable":true,"href":"https:\/\/linitiative.ca\/International\/wp-json\/wp\/v2\/categories?post=121267"},{"taxonomy":"post_tag","embeddable":true,"href":"https:\/\/linitiative.ca\/International\/wp-json\/wp\/v2\/tags?post=121267"}],"curies":[{"name":"wp","href":"https:\/\/api.w.org\/{rel}","templated":true}]}}