{"id":121269,"date":"2021-07-13T06:47:00","date_gmt":"2021-07-13T10:47:00","guid":{"rendered":"https:\/\/linitiative.ca\/International\/mourinho-fait-son-mea-culpa-pour-luke-shaw\/"},"modified":"2021-07-13T06:47:00","modified_gmt":"2021-07-13T10:47:00","slug":"mourinho-fait-son-mea-culpa-pour-luke-shaw","status":"publish","type":"post","link":"https:\/\/linitiative.ca\/International\/mourinho-fait-son-mea-culpa-pour-luke-shaw\/","title":{"rendered":"Mourinho fait son mea culpa pour Luke Shaw"},"content":{"rendered":"<div>Apr\u00e8s des ann\u00e9es pass\u00e9es \u00e0 le critiquer, Jos\u00e9 Mourinho a fait amende honorable aupr\u00e8s de Luke Shaw. Le technicien a notamment f\u00e9licit\u00e9 le joueur pour son tournoi<img loading=\"lazy\" decoding=\"async\" src=\"http:\/\/feeds.feedburner.com\/~r\/GalerieFArtciles\/~4\/DSvUwuOoy-0\" height=\"1\" width=\"1\" alt=\"\"><\/div>\n<p>Auteur:<br \/>\n<a href=\"http:\/\/www.lebuteur.com\/article\/detail?titre=mourinho-fait-son-mea-culpa-pour-luke-shaw&#038;id=100615&#038;utm_source=feedburner&#038;utm_medium=feed&#038;utm_campaign=Feed%3A+GalerieFArtciles+%28Les+derniers+articles++-+lebuteur.com%29\">Cliquez ici pour lire l&rsquo;article depuis sa source.<\/a><\/p>\n","protected":false},"excerpt":{"rendered":"<p>Apr\u00e8s des ann\u00e9es pass\u00e9es \u00e0 le critiquer, Jos\u00e9 Mourinho a fait amende honorable aupr\u00e8s de Luke Shaw. Le technicien a notamment f\u00e9licit\u00e9 le joueur pour son tournoi Auteur: Cliquez ici pour lire l&rsquo;article depuis sa source.<\/p>\n","protected":false},"author":1738,"featured_media":0,"comment_status":"closed","ping_status":"closed","sticky":false,"template":"","format":"standard","meta":{"fifu_image_url":"http:\/\/feeds.feedburner.com\/~r\/GalerieFArtciles\/~4\/DSvUwuOoy-0","fifu_image_alt":"Mourinho fait son mea culpa pour Luke Shaw","footnotes":""},"categories":[53,75],"tags":[],"class_list":["post-121269","post","type-post","status-publish","format-standard","hentry","category-algerie","category-sport"],"_links":{"self":[{"href":"https:\/\/linitiative.ca\/International\/wp-json\/wp\/v2\/posts\/121269","targetHints":{"allow":["GET"]}}],"collection":[{"href":"https:\/\/linitiative.ca\/International\/wp-json\/wp\/v2\/posts"}],"about":[{"href":"https:\/\/linitiative.ca\/International\/wp-json\/wp\/v2\/types\/post"}],"author":[{"embeddable":true,"href":"https:\/\/linitiative.ca\/International\/wp-json\/wp\/v2\/users\/1738"}],"replies":[{"embeddable":true,"href":"https:\/\/linitiative.ca\/International\/wp-json\/wp\/v2\/comments?post=121269"}],"version-history":[{"count":0,"href":"https:\/\/linitiative.ca\/International\/wp-json\/wp\/v2\/posts\/121269\/revisions"}],"wp:attachment":[{"href":"https:\/\/linitiative.ca\/International\/wp-json\/wp\/v2\/media?parent=121269"}],"wp:term":[{"taxonomy":"category","embeddable":true,"href":"https:\/\/linitiative.ca\/International\/wp-json\/wp\/v2\/categories?post=121269"},{"taxonomy":"post_tag","embeddable":true,"href":"https:\/\/linitiative.ca\/International\/wp-json\/wp\/v2\/tags?post=121269"}],"curies":[{"name":"wp","href":"https:\/\/api.w.org\/{rel}","templated":true}]}}