{"id":121270,"date":"2021-07-13T07:54:00","date_gmt":"2021-07-13T11:54:00","guid":{"rendered":"https:\/\/linitiative.ca\/International\/manchester-city-aurait-dit-non-a-ce-joueur-du-barca\/"},"modified":"2021-07-13T07:54:00","modified_gmt":"2021-07-13T11:54:00","slug":"manchester-city-aurait-dit-non-a-ce-joueur-du-barca","status":"publish","type":"post","link":"https:\/\/linitiative.ca\/International\/manchester-city-aurait-dit-non-a-ce-joueur-du-barca\/","title":{"rendered":"Manchester City aurait dit non \u00e0 ce joueur du Bar\u00e7a"},"content":{"rendered":"<div>Si possible, le FC Barcelone doit se s\u00e9parer des gros salaires comme celui d\u2019Antoine Griezmann ou Philippe Coutinho<img loading=\"lazy\" decoding=\"async\" src=\"http:\/\/feeds.feedburner.com\/~r\/GalerieFArtciles\/~4\/zOsPcQtA1tQ\" height=\"1\" width=\"1\" alt=\"\"><\/div>\n<p>Auteur:<br \/>\n<a href=\"http:\/\/www.lebuteur.com\/article\/detail?titre=manchester-city-aurait-dit-non-a-ce-joueur-du-barca&#038;id=100616&#038;utm_source=feedburner&#038;utm_medium=feed&#038;utm_campaign=Feed%3A+GalerieFArtciles+%28Les+derniers+articles++-+lebuteur.com%29\">Cliquez ici pour lire l&rsquo;article depuis sa source.<\/a><\/p>\n","protected":false},"excerpt":{"rendered":"<p>Si possible, le FC Barcelone doit se s\u00e9parer des gros salaires comme celui d\u2019Antoine Griezmann ou Philippe Coutinho Auteur: Cliquez ici pour lire l&rsquo;article depuis sa source.<\/p>\n","protected":false},"author":1738,"featured_media":0,"comment_status":"closed","ping_status":"closed","sticky":false,"template":"","format":"standard","meta":{"fifu_image_url":"http:\/\/feeds.feedburner.com\/~r\/GalerieFArtciles\/~4\/zOsPcQtA1tQ","fifu_image_alt":"Manchester City aurait dit non \u00e0 ce joueur du Bar\u00e7a","footnotes":""},"categories":[53,75],"tags":[],"class_list":["post-121270","post","type-post","status-publish","format-standard","hentry","category-algerie","category-sport"],"_links":{"self":[{"href":"https:\/\/linitiative.ca\/International\/wp-json\/wp\/v2\/posts\/121270","targetHints":{"allow":["GET"]}}],"collection":[{"href":"https:\/\/linitiative.ca\/International\/wp-json\/wp\/v2\/posts"}],"about":[{"href":"https:\/\/linitiative.ca\/International\/wp-json\/wp\/v2\/types\/post"}],"author":[{"embeddable":true,"href":"https:\/\/linitiative.ca\/International\/wp-json\/wp\/v2\/users\/1738"}],"replies":[{"embeddable":true,"href":"https:\/\/linitiative.ca\/International\/wp-json\/wp\/v2\/comments?post=121270"}],"version-history":[{"count":0,"href":"https:\/\/linitiative.ca\/International\/wp-json\/wp\/v2\/posts\/121270\/revisions"}],"wp:attachment":[{"href":"https:\/\/linitiative.ca\/International\/wp-json\/wp\/v2\/media?parent=121270"}],"wp:term":[{"taxonomy":"category","embeddable":true,"href":"https:\/\/linitiative.ca\/International\/wp-json\/wp\/v2\/categories?post=121270"},{"taxonomy":"post_tag","embeddable":true,"href":"https:\/\/linitiative.ca\/International\/wp-json\/wp\/v2\/tags?post=121270"}],"curies":[{"name":"wp","href":"https:\/\/api.w.org\/{rel}","templated":true}]}}