{"id":121274,"date":"2021-07-13T08:21:33","date_gmt":"2021-07-13T12:21:33","guid":{"rendered":"https:\/\/linitiative.ca\/International\/ain-defla-lincendie-ayant-affecte-le-poste-electrique-source-de-khemis-miliana-totalement-maitrise\/"},"modified":"2021-07-13T08:21:33","modified_gmt":"2021-07-13T12:21:33","slug":"ain-defla-lincendie-ayant-affecte-le-poste-electrique-source-de-khemis-miliana-totalement-maitrise","status":"publish","type":"post","link":"https:\/\/linitiative.ca\/International\/ain-defla-lincendie-ayant-affecte-le-poste-electrique-source-de-khemis-miliana-totalement-maitrise\/","title":{"rendered":"Ain Defla : L\u2019incendie ayant affect\u00e9 le poste \u00e9lectrique source de Khemis Miliana \u00ab\u00a0totalement maitris\u00e9\u00a0\u00bb"},"content":{"rendered":"<div>\n<div class=\"sriret\"><img decoding=\"async\" src=\"https:\/\/linitiative.ca\/International\/wp-content\/uploads\/sites\/23\/2021\/07\/default-picture-709x366_c-8.jpg\"><\/div>\n<p><strong><em>L\u2019incendie qui s\u2019est d\u00e9clar\u00e9 dimanche en soir\u00e9e au niveau du poste \u00e9lectrique de Kh\u00e9mis Miliana (Ain Defla), avec pour cons\u00e9quence l\u2019interruption de l\u2019alimentation en \u00e9nergie \u00e9lectrique de six dairas, a \u00e9t\u00e9 \u00ab\u00a0totalement maitris\u00e9\u00a0\u00bb, a-t-on appris aupr\u00e8s du charg\u00e9 de communication de l\u2019antenne locale de la Societ\u00e9 Algerienne de Distribution de l\u2019Electricit\u00e9 et du Gaz.<\/em> <\/strong><\/p>\n<p>\u00ab\u00a0L\u2019incendie qui s\u2019est d\u00e9clar\u00e9 dimanche en soir\u00e9e au niveau du poste \u00e9lectrique source (120 m\u00e9ga volts) du quartier Soufaye de Kh\u00e9mis Miliana, non sans causer l\u2019interruption soudaine de l\u2019alimentation en \u00e9nergie \u00e9lectrique de six dairas, a \u00e9t\u00e9 totalement maitris\u00e9 vers 23h00\u00a0\u00bb, a pr\u00e9cis\u00e9 \u00e0 l\u2019APS, Nasri Brahim, signalant que les communes priv\u00e9es de courant \u00e9lectrique voient cette \u00e9nergie leur revenir de mani\u00e8re \u00ab\u00a0graduelle\u00a0\u00bb.<\/p>\n<p>A l\u2019heure actuelle, l\u2019alimentation en \u00e9nergie \u00e9lectrique a \u00e9t\u00e9 r\u00e9tablie au niveau des communes de Miliana, Kh\u00e9mis Miliana et une partie de Sidi Lakhdar\u00a0\u00bb, a pr\u00e9cis\u00e9 M. Nasri, signalant que la m\u00eame op\u00e9ration a \u00e9t\u00e9 lanc\u00e9e au profit des communes de Djendel et Ain Lechiakh \u00e0 partir de M\u00e9d\u00e9a, via la ville de Ksar El Boukhari. Au sujet des raisons ayant provoqu\u00e9 l\u2019incendie du poste source, le m\u00eame responsable a soulign\u00e9 que celles-ci demeuraient \u00ab\u00a0m\u00e9connues\u00a0\u00bb \u00e0 l\u2019heure actuelle, observant toutefois que les fortes temp\u00e9ratures s\u00e9vissant depuis quelques jours ont \u00ab\u00a0ind\u00e9niablement\u00a0\u00bb favoris\u00e9 la survenue de l\u2019accident.<\/p>\n<p>\u00ab\u00a0Nous attendons le rapport de GRPE, la soci\u00e9t\u00e9 charg\u00e9e de transport de l\u2019\u00e9lectricit\u00e9, afin de fixer d\u00e9finitivement sur les causes ayant provoqu\u00e9 le sinistre, mais il est \u00e9vident que les fortes temp\u00e9ratures s\u00e9vissant depuis quelques jours, avec pour corolaire, l\u2019usage prolong\u00e9 de l\u2019\u00e9nergie \u00e9lectrique, ont favoris\u00e9 la survenue de l\u2019accident.<\/p>\n<p>A signaler que les tentatives de l\u2019APS de joindre le charg\u00e9 de communication de la direction de la Protection civile de Ain Defla ont \u00e9t\u00e9 vaines.<\/p>\n<p style=\"text-align: right;\"><strong><em>APS<\/em><\/strong><\/p>\n<p>L\u2019article <a rel=\"nofollow\" href=\"https:\/\/www.elwatan.com\/edition\/actualite\/ain-defla-lincendie-ayant-affecte-le-poste-electrique-source-de-khemis-miliana-totalement-maitrise-13-07-2021\">Ain Defla : L\u2019incendie ayant affect\u00e9 le poste \u00e9lectrique source de Khemis Miliana \u00ab\u00a0totalement maitris\u00e9\u00a0\u00bb<\/a> est apparu en premier sur <a rel=\"nofollow\" href=\"https:\/\/www.elwatan.com\/\">El Watan<\/a>.<\/p>\n<\/div>\n<p>Auteur: Mohand Yahiaoui<br \/>\n<a href=\"https:\/\/www.elwatan.com\/edition\/actualite\/ain-defla-lincendie-ayant-affecte-le-poste-electrique-source-de-khemis-miliana-totalement-maitrise-13-07-2021\">Cliquez ici pour lire l&rsquo;article depuis sa source.<\/a><\/p>\n","protected":false},"excerpt":{"rendered":"<p>L\u2019incendie qui s\u2019est d\u00e9clar\u00e9 dimanche en soir\u00e9e au niveau du poste \u00e9lectrique de Kh\u00e9mis Miliana (Ain Defla), avec pour cons\u00e9quence l\u2019interruption de l\u2019alimentation en \u00e9nergie \u00e9lectrique de six dairas, a \u00e9t\u00e9 \u00ab\u00a0totalement maitris\u00e9\u00a0\u00bb, a-t-on appris aupr\u00e8s du charg\u00e9 de communication de l\u2019antenne locale de la Societ\u00e9 Algerienne de Distribution de l\u2019Electricit\u00e9 et du Gaz. \u00ab\u00a0L\u2019incendie [&hellip;]<\/p>\n","protected":false},"author":1743,"featured_media":0,"comment_status":"closed","ping_status":"closed","sticky":false,"template":"","format":"standard","meta":{"fifu_image_url":"https:\/\/www.elwatan.com\/wp-content\/themes\/spectr\/img\/default-picture-709x366_c.jpg","fifu_image_alt":"Ain Defla : L\u2019incendie ayant affect\u00e9 le poste \u00e9lectrique source de Khemis Miliana \u00ab\u00a0totalement maitris\u00e9\u00a0\u00bb","footnotes":""},"categories":[73,53],"tags":[],"class_list":["post-121274","post","type-post","status-publish","format-standard","hentry","category-actualite","category-algerie"],"_links":{"self":[{"href":"https:\/\/linitiative.ca\/International\/wp-json\/wp\/v2\/posts\/121274","targetHints":{"allow":["GET"]}}],"collection":[{"href":"https:\/\/linitiative.ca\/International\/wp-json\/wp\/v2\/posts"}],"about":[{"href":"https:\/\/linitiative.ca\/International\/wp-json\/wp\/v2\/types\/post"}],"author":[{"embeddable":true,"href":"https:\/\/linitiative.ca\/International\/wp-json\/wp\/v2\/users\/1743"}],"replies":[{"embeddable":true,"href":"https:\/\/linitiative.ca\/International\/wp-json\/wp\/v2\/comments?post=121274"}],"version-history":[{"count":0,"href":"https:\/\/linitiative.ca\/International\/wp-json\/wp\/v2\/posts\/121274\/revisions"}],"wp:attachment":[{"href":"https:\/\/linitiative.ca\/International\/wp-json\/wp\/v2\/media?parent=121274"}],"wp:term":[{"taxonomy":"category","embeddable":true,"href":"https:\/\/linitiative.ca\/International\/wp-json\/wp\/v2\/categories?post=121274"},{"taxonomy":"post_tag","embeddable":true,"href":"https:\/\/linitiative.ca\/International\/wp-json\/wp\/v2\/tags?post=121274"}],"curies":[{"name":"wp","href":"https:\/\/api.w.org\/{rel}","templated":true}]}}