{"id":121282,"date":"2021-07-13T13:11:06","date_gmt":"2021-07-13T17:11:06","guid":{"rendered":"https:\/\/linitiative.ca\/International\/mesures-delargissement-au-profit-de-60-jeunes-detenus-pour-des-faits-lies-a-la-triche-au-bac\/"},"modified":"2021-07-13T13:11:06","modified_gmt":"2021-07-13T17:11:06","slug":"mesures-delargissement-au-profit-de-60-jeunes-detenus-pour-des-faits-lies-a-la-triche-au-bac","status":"publish","type":"post","link":"https:\/\/linitiative.ca\/International\/mesures-delargissement-au-profit-de-60-jeunes-detenus-pour-des-faits-lies-a-la-triche-au-bac\/","title":{"rendered":"Mesures d\u2019\u00e9largissement au profit de 60 jeunes d\u00e9tenus pour des faits li\u00e9s \u00e0 la triche au BAC\u00a0"},"content":{"rendered":"<div>\n<div class=\"sriret\"><img decoding=\"async\" src=\"https:\/\/linitiative.ca\/International\/wp-content\/uploads\/sites\/23\/2021\/07\/default-picture-709x366_c-9.jpg\"><\/div>\n<p>Le pr\u00e9sident de la R\u00e9publique, Abdelmadjid Tebboune a d\u00e9cr\u00e9t\u00e9 \u00e0 l\u2019occasion de A\u00efd El Adha, des mesures d\u2019\u00e9largissement au profit des jeunes d\u00e9tenus pour des faits li\u00e9s \u00e0 la triche aux \u00e9preuves du BAC session 2021, a indiqu\u00e9, mardi 13 juillet, le minist\u00e8re de la Justice dans un communiqu\u00e9.<\/p>\n<p>\u00ab\u00a0A l\u2019occasion de la f\u00eate de A\u00efd El Adha 2021, le minist\u00e8re de la Justice informe l\u2019opinion publique que le pr\u00e9sident de la R\u00e9publique, M. Abdelmadjid Tebboune a d\u00e9cr\u00e9t\u00e9 des mesures d\u2019\u00e9largissement aux profits des jeunes d\u00e9tenus pour des faits li\u00e9s \u00e0 la triche aux \u00e9preuves du BAC session 2021\u00a0\u00bb, pr\u00e9cise la m\u00eame source. \u00ab\u00a0Les juridictions comp\u00e9tentes devront prendre les mesures n\u00e9cessaires \u00e0 l\u2019effet d\u2019\u00e9largir soixante (60) personnes pour rejoindre leurs familles et proches avant ce weekend\u00a0\u00bb, ajoute la m\u00eame source.<\/p>\n<p>L\u2019article <a rel=\"nofollow\" href=\"https:\/\/www.elwatan.com\/edition\/actualite\/mesures-delargissement-au-profit-de-60-jeunes-detenus-pour-des-faits-lies-a-la-triche-au-bac-13-07-2021\">Mesures d\u2019\u00e9largissement au profit de 60 jeunes d\u00e9tenus pour des faits li\u00e9s \u00e0 la triche au BAC\u00a0<\/a> est apparu en premier sur <a rel=\"nofollow\" href=\"https:\/\/www.elwatan.com\/\">El Watan<\/a>.<\/p>\n<\/div>\n<p>Auteur: Mohand Yahiaoui<br \/>\n<a href=\"https:\/\/www.elwatan.com\/edition\/actualite\/mesures-delargissement-au-profit-de-60-jeunes-detenus-pour-des-faits-lies-a-la-triche-au-bac-13-07-2021\">Cliquez ici pour lire l&rsquo;article depuis sa source.<\/a><\/p>\n","protected":false},"excerpt":{"rendered":"<p>Le pr\u00e9sident de la R\u00e9publique, Abdelmadjid Tebboune a d\u00e9cr\u00e9t\u00e9 \u00e0 l\u2019occasion de A\u00efd El Adha, des mesures d\u2019\u00e9largissement au profit des jeunes d\u00e9tenus pour des faits li\u00e9s \u00e0 la triche aux \u00e9preuves du BAC session 2021, a indiqu\u00e9, mardi 13 juillet, le minist\u00e8re de la Justice dans un communiqu\u00e9. \u00ab\u00a0A l\u2019occasion de la f\u00eate de [&hellip;]<\/p>\n","protected":false},"author":1743,"featured_media":0,"comment_status":"closed","ping_status":"closed","sticky":false,"template":"","format":"standard","meta":{"fifu_image_url":"https:\/\/www.elwatan.com\/wp-content\/themes\/spectr\/img\/default-picture-709x366_c.jpg","fifu_image_alt":"Mesures d\u2019\u00e9largissement au profit de 60 jeunes d\u00e9tenus pour des faits li\u00e9s \u00e0 la triche au BAC\u00a0","footnotes":""},"categories":[73,53],"tags":[],"class_list":["post-121282","post","type-post","status-publish","format-standard","hentry","category-actualite","category-algerie"],"_links":{"self":[{"href":"https:\/\/linitiative.ca\/International\/wp-json\/wp\/v2\/posts\/121282","targetHints":{"allow":["GET"]}}],"collection":[{"href":"https:\/\/linitiative.ca\/International\/wp-json\/wp\/v2\/posts"}],"about":[{"href":"https:\/\/linitiative.ca\/International\/wp-json\/wp\/v2\/types\/post"}],"author":[{"embeddable":true,"href":"https:\/\/linitiative.ca\/International\/wp-json\/wp\/v2\/users\/1743"}],"replies":[{"embeddable":true,"href":"https:\/\/linitiative.ca\/International\/wp-json\/wp\/v2\/comments?post=121282"}],"version-history":[{"count":0,"href":"https:\/\/linitiative.ca\/International\/wp-json\/wp\/v2\/posts\/121282\/revisions"}],"wp:attachment":[{"href":"https:\/\/linitiative.ca\/International\/wp-json\/wp\/v2\/media?parent=121282"}],"wp:term":[{"taxonomy":"category","embeddable":true,"href":"https:\/\/linitiative.ca\/International\/wp-json\/wp\/v2\/categories?post=121282"},{"taxonomy":"post_tag","embeddable":true,"href":"https:\/\/linitiative.ca\/International\/wp-json\/wp\/v2\/tags?post=121282"}],"curies":[{"name":"wp","href":"https:\/\/api.w.org\/{rel}","templated":true}]}}