{"id":121286,"date":"2021-07-13T04:28:00","date_gmt":"2021-07-13T08:28:00","guid":{"rendered":"https:\/\/linitiative.ca\/International\/dossier-la-tunisie-face-a-la-mer\/"},"modified":"2021-07-13T04:28:00","modified_gmt":"2021-07-13T08:28:00","slug":"dossier-la-tunisie-face-a-la-mer","status":"publish","type":"post","link":"https:\/\/linitiative.ca\/International\/dossier-la-tunisie-face-a-la-mer\/","title":{"rendered":"Dossier: La Tunisie face \u00e0 la mer"},"content":{"rendered":"<div><img decoding=\"async\" src=\"https:\/\/linitiative.ca\/International\/wp-content\/uploads\/sites\/23\/2021\/07\/1626163434_article.jpg\" alt=\"Dossier: La Tunisie face \u00e0 la mer\" align=\"left\">La Tunisie est-elle si riche pour se permettre de tourner le dos \u00e0 la mer et se priver de son immense potentiel ? Pays maritime depuis l\u2019origine des temps, elle d\u00e9laisse un fabuleux gisement de profitabilit\u00e9 qui lui aurait port\u00e9 secours en ces temps de disette. Pourquoi ? Tout simplement faute d\u2019une vision strat\u00e9gique d\u2019ensemble, de politiques publiques, d\u2019exercice de l\u2019autorit\u00e9 de l\u2019\u00c9tat en mer, de m\u00e9canismes appropri\u00e9s et de coordination efficiente. Si les \u00e9conomistes s\u2019employaient \u00e0 \u00e9valuer le montant du manque \u00e0 gagner et celui du potentiel en puissance, les pouvoirs publics seraient \u00e9difi\u00e9s sur leur lourde erreur strat\u00e9gique.<br \/>\nSommaire<\/p>\n<p>\u2022 Face \u00e0 la &#8230;<\/p>\n<\/div>\n<p>Auteur:<br \/>\n<a href=\"https:\/\/www.leaders.com.tn\/article\/32143-dossier-la-tunisie-face-a-la-mer\">Cliquez ici pour lire l&rsquo;article depuis sa source.<\/a><\/p>\n","protected":false},"excerpt":{"rendered":"<p>La Tunisie est-elle si riche pour se permettre de tourner le dos \u00e0 la mer et se priver de son immense potentiel ? Pays maritime depuis l\u2019origine des temps, elle d\u00e9laisse un fabuleux gisement de profitabilit\u00e9 qui lui aurait port\u00e9 secours en ces temps de disette. Pourquoi ? Tout simplement faute d\u2019une vision strat\u00e9gique d\u2019ensemble, [&hellip;]<\/p>\n","protected":false},"author":1772,"featured_media":0,"comment_status":"closed","ping_status":"closed","sticky":false,"template":"","format":"standard","meta":{"fifu_image_url":"http:\/\/www.leaders.com.tn\/uploads\/content\/thumbnails_small\/1626163434_article.jpg","fifu_image_alt":"Dossier: La Tunisie face \u00e0 la mer","footnotes":""},"categories":[73,55],"tags":[],"class_list":["post-121286","post","type-post","status-publish","format-standard","hentry","category-actualite","category-tunisie"],"_links":{"self":[{"href":"https:\/\/linitiative.ca\/International\/wp-json\/wp\/v2\/posts\/121286","targetHints":{"allow":["GET"]}}],"collection":[{"href":"https:\/\/linitiative.ca\/International\/wp-json\/wp\/v2\/posts"}],"about":[{"href":"https:\/\/linitiative.ca\/International\/wp-json\/wp\/v2\/types\/post"}],"author":[{"embeddable":true,"href":"https:\/\/linitiative.ca\/International\/wp-json\/wp\/v2\/users\/1772"}],"replies":[{"embeddable":true,"href":"https:\/\/linitiative.ca\/International\/wp-json\/wp\/v2\/comments?post=121286"}],"version-history":[{"count":0,"href":"https:\/\/linitiative.ca\/International\/wp-json\/wp\/v2\/posts\/121286\/revisions"}],"wp:attachment":[{"href":"https:\/\/linitiative.ca\/International\/wp-json\/wp\/v2\/media?parent=121286"}],"wp:term":[{"taxonomy":"category","embeddable":true,"href":"https:\/\/linitiative.ca\/International\/wp-json\/wp\/v2\/categories?post=121286"},{"taxonomy":"post_tag","embeddable":true,"href":"https:\/\/linitiative.ca\/International\/wp-json\/wp\/v2\/tags?post=121286"}],"curies":[{"name":"wp","href":"https:\/\/api.w.org\/{rel}","templated":true}]}}