{"id":121288,"date":"2021-07-13T08:57:00","date_gmt":"2021-07-13T12:57:00","guid":{"rendered":"https:\/\/linitiative.ca\/International\/et-si-on-developpait-les-substituts-industriels-des-oeufs-et-quon-arretait-delever-les-poules\/"},"modified":"2021-07-13T08:57:00","modified_gmt":"2021-07-13T12:57:00","slug":"et-si-on-developpait-les-substituts-industriels-des-oeufs-et-quon-arretait-delever-les-poules","status":"publish","type":"post","link":"https:\/\/linitiative.ca\/International\/et-si-on-developpait-les-substituts-industriels-des-oeufs-et-quon-arretait-delever-les-poules\/","title":{"rendered":"Et si on d\u00e9veloppait les substituts industriels des \u0153ufs et qu\u2019on arr\u00eatait d\u2019\u00e9lever les poules ?"},"content":{"rendered":"<div><img decoding=\"async\" src=\"https:\/\/linitiative.ca\/International\/wp-content\/uploads\/sites\/23\/2021\/07\/1626184743_article.jpg\" alt=\"Et si on d\u00e9veloppait les substituts industriels des \u0153ufs et qu\u2019on arr\u00eatait d\u2019\u00e9lever les poules ? \" align=\"left\">Par Ridha Bergaoui &#8211; L\u2019\u0153uf est un aliment bien appr\u00e9ci\u00e9 et entre dans la composition de nombreuses pr\u00e9parations et plats. Le Tunisien est relativement un gros consommateur d\u2019\u0153ufs. Il consomme en moyenne 190 \u0153ufs \/an dont 36 rien qu\u2019au mois de Ramadan. La FAO \u00e9value la consommation moyenne mondiale d\u2019\u0153ufs \u00e0 145 unit\u00e9s\/habitant\/an.\u00a0 La cuisine tunisienne r\u00e9serve une place importante aux \u0153ufs qui sont de nos jours consid\u00e9r\u00e9s comme un produit de premi\u00e8re n\u00e9cessit\u00e9.<br \/>\nLa margarine fut invent\u00e9e en France fin du XIXeme si\u00e8cle. Depuis, elle connait un succ\u00e8s certain. Les margarines modernes remplacent avantageusement le beurre aussi bien du c\u00f4t\u00e9 prix que du cot\u00e9 &#8230;<\/p>\n<\/div>\n<p>Auteur:<br \/>\n<a href=\"https:\/\/www.leaders.com.tn\/article\/32145-et-si-on-developpait-les-substituts-industriels-des-oeufs-et-qu-on-arretait-d-elever-les-poules\">Cliquez ici pour lire l&rsquo;article depuis sa source.<\/a><\/p>\n","protected":false},"excerpt":{"rendered":"<p>Par Ridha Bergaoui &#8211; L\u2019\u0153uf est un aliment bien appr\u00e9ci\u00e9 et entre dans la composition de nombreuses pr\u00e9parations et plats. Le Tunisien est relativement un gros consommateur d\u2019\u0153ufs. Il consomme en moyenne 190 \u0153ufs \/an dont 36 rien qu\u2019au mois de Ramadan. La FAO \u00e9value la consommation moyenne mondiale d\u2019\u0153ufs \u00e0 145 unit\u00e9s\/habitant\/an.\u00a0 La cuisine [&hellip;]<\/p>\n","protected":false},"author":1772,"featured_media":0,"comment_status":"closed","ping_status":"closed","sticky":false,"template":"","format":"standard","meta":{"fifu_image_url":"http:\/\/www.leaders.com.tn\/uploads\/content\/thumbnails_small\/1626184743_article.jpg","fifu_image_alt":"Et si on d\u00e9veloppait les substituts industriels des \u0153ufs et qu\u2019on arr\u00eatait d\u2019\u00e9lever les poules ?","footnotes":""},"categories":[73,55],"tags":[],"class_list":["post-121288","post","type-post","status-publish","format-standard","hentry","category-actualite","category-tunisie"],"_links":{"self":[{"href":"https:\/\/linitiative.ca\/International\/wp-json\/wp\/v2\/posts\/121288","targetHints":{"allow":["GET"]}}],"collection":[{"href":"https:\/\/linitiative.ca\/International\/wp-json\/wp\/v2\/posts"}],"about":[{"href":"https:\/\/linitiative.ca\/International\/wp-json\/wp\/v2\/types\/post"}],"author":[{"embeddable":true,"href":"https:\/\/linitiative.ca\/International\/wp-json\/wp\/v2\/users\/1772"}],"replies":[{"embeddable":true,"href":"https:\/\/linitiative.ca\/International\/wp-json\/wp\/v2\/comments?post=121288"}],"version-history":[{"count":0,"href":"https:\/\/linitiative.ca\/International\/wp-json\/wp\/v2\/posts\/121288\/revisions"}],"wp:attachment":[{"href":"https:\/\/linitiative.ca\/International\/wp-json\/wp\/v2\/media?parent=121288"}],"wp:term":[{"taxonomy":"category","embeddable":true,"href":"https:\/\/linitiative.ca\/International\/wp-json\/wp\/v2\/categories?post=121288"},{"taxonomy":"post_tag","embeddable":true,"href":"https:\/\/linitiative.ca\/International\/wp-json\/wp\/v2\/tags?post=121288"}],"curies":[{"name":"wp","href":"https:\/\/api.w.org\/{rel}","templated":true}]}}