{"id":121296,"date":"2021-07-13T15:24:13","date_gmt":"2021-07-13T19:24:13","guid":{"rendered":"https:\/\/linitiative.ca\/International\/cgem-renforcement-de-la-cooperation-avec-le-conseil-de-la-concurrence\/"},"modified":"2021-07-13T15:24:13","modified_gmt":"2021-07-13T19:24:13","slug":"cgem-renforcement-de-la-cooperation-avec-le-conseil-de-la-concurrence","status":"publish","type":"post","link":"https:\/\/linitiative.ca\/International\/cgem-renforcement-de-la-cooperation-avec-le-conseil-de-la-concurrence\/","title":{"rendered":"CGEM. Renforcement de la coop\u00e9ration avec le Conseil de la concurrence"},"content":{"rendered":"<div><img decoding=\"async\" width=\"778\" height=\"487\" src=\"https:\/\/linitiative.ca\/International\/wp-content\/uploads\/sites\/23\/2021\/07\/chakib-alj-e1625049777758.jpg\" class=\"attachment-post-thumbnail size-post-thumbnail wp-post-image\" alt=\"\" loading=\"lazy\" srcset=\"https:\/\/linitiative.ca\/International\/wp-content\/uploads\/sites\/23\/2021\/07\/chakib-alj-e1625049777758.jpg 778w, https:\/\/www.challenge.ma\/wp-content\/uploads\/2021\/06\/chakib-alj-e1625049777758-300x188.jpg 300w, https:\/\/www.challenge.ma\/wp-content\/uploads\/2021\/06\/chakib-alj-e1625049777758-768x481.jpg 768w, https:\/\/www.challenge.ma\/wp-content\/uploads\/2021\/06\/chakib-alj-e1625049777758-360x225.jpg 360w, https:\/\/www.challenge.ma\/wp-content\/uploads\/2021\/06\/chakib-alj-e1625049777758-750x469.jpg 750w\" sizes=\"auto, (max-width: 778px) 100vw, 778px\" itemprop=\"image\">La Conf\u00e9d\u00e9ration g\u00e9n\u00e9rale des entreprises du Maroc (CGEM) et le Conseil de la concurrence ont tenu, mardi \u00e0 Casablanca, une s\u00e9ance de travail pour \u00e9changer autour des enjeux du cadre juridique et l\u00e9gal concernant la concurrence, la libert\u00e9 des prix et la protection du consommateur. Cette rencontre s\u2019inscrit dans le<\/div>\n<p>Auteur: challenge<br \/>\n<a href=\"https:\/\/www.challenge.ma\/cgem-renforcement-de-la-cooperation-avec-le-conseil-de-la-concurrence-192527\/\">Cliquez ici pour lire l&rsquo;article depuis sa source.<\/a><\/p>\n","protected":false},"excerpt":{"rendered":"<p>La Conf\u00e9d\u00e9ration g\u00e9n\u00e9rale des entreprises du Maroc (CGEM) et le Conseil de la concurrence ont tenu, mardi \u00e0 Casablanca, une s\u00e9ance de travail pour \u00e9changer autour des enjeux du cadre juridique et l\u00e9gal concernant la concurrence, la libert\u00e9 des prix et la protection du consommateur. Cette rencontre s\u2019inscrit dans le Auteur: challenge Cliquez ici pour [&hellip;]<\/p>\n","protected":false},"author":1787,"featured_media":0,"comment_status":"closed","ping_status":"closed","sticky":false,"template":"","format":"standard","meta":{"fifu_image_url":"https:\/\/www.challenge.ma\/wp-content\/uploads\/2021\/06\/chakib-alj-e1625049777758.jpg","fifu_image_alt":"CGEM. Renforcement de la coop\u00e9ration avec le Conseil de la concurrence","footnotes":""},"categories":[78,54],"tags":[],"class_list":["post-121296","post","type-post","status-publish","format-standard","hentry","category-economie","category-maroc"],"_links":{"self":[{"href":"https:\/\/linitiative.ca\/International\/wp-json\/wp\/v2\/posts\/121296","targetHints":{"allow":["GET"]}}],"collection":[{"href":"https:\/\/linitiative.ca\/International\/wp-json\/wp\/v2\/posts"}],"about":[{"href":"https:\/\/linitiative.ca\/International\/wp-json\/wp\/v2\/types\/post"}],"author":[{"embeddable":true,"href":"https:\/\/linitiative.ca\/International\/wp-json\/wp\/v2\/users\/1787"}],"replies":[{"embeddable":true,"href":"https:\/\/linitiative.ca\/International\/wp-json\/wp\/v2\/comments?post=121296"}],"version-history":[{"count":0,"href":"https:\/\/linitiative.ca\/International\/wp-json\/wp\/v2\/posts\/121296\/revisions"}],"wp:attachment":[{"href":"https:\/\/linitiative.ca\/International\/wp-json\/wp\/v2\/media?parent=121296"}],"wp:term":[{"taxonomy":"category","embeddable":true,"href":"https:\/\/linitiative.ca\/International\/wp-json\/wp\/v2\/categories?post=121296"},{"taxonomy":"post_tag","embeddable":true,"href":"https:\/\/linitiative.ca\/International\/wp-json\/wp\/v2\/tags?post=121296"}],"curies":[{"name":"wp","href":"https:\/\/api.w.org\/{rel}","templated":true}]}}