{"id":121298,"date":"2021-07-13T15:51:23","date_gmt":"2021-07-13T19:51:23","guid":{"rendered":"https:\/\/linitiative.ca\/International\/au-sujet-de-la-declaration-du-porte-parole-du-departement-detat-americain-concernant-les-detenus-s-raissouni-et-o-radi\/"},"modified":"2021-07-13T15:51:23","modified_gmt":"2021-07-13T19:51:23","slug":"au-sujet-de-la-declaration-du-porte-parole-du-departement-detat-americain-concernant-les-detenus-s-raissouni-et-o-radi","status":"publish","type":"post","link":"https:\/\/linitiative.ca\/International\/au-sujet-de-la-declaration-du-porte-parole-du-departement-detat-americain-concernant-les-detenus-s-raissouni-et-o-radi\/","title":{"rendered":"Au sujet de la d\u00e9claration du porte-parole du D\u00e9partement D\u2019Etat am\u00e9ricain concernant les d\u00e9tenus S. Raissouni et O. Radi"},"content":{"rendered":"<div><img decoding=\"async\" width=\"620\" height=\"394\" src=\"https:\/\/linitiative.ca\/International\/wp-content\/uploads\/sites\/23\/2021\/07\/Mohamed-Salah-Tamek-delegue-general-a-ladministration-penitentiaire-et-a-la-reinsertion.jpg\" class=\"attachment-post-thumbnail size-post-thumbnail wp-post-image\" alt=\"\" loading=\"lazy\" srcset=\"https:\/\/linitiative.ca\/International\/wp-content\/uploads\/sites\/23\/2021\/07\/Mohamed-Salah-Tamek-delegue-general-a-ladministration-penitentiaire-et-a-la-reinsertion.jpg 620w, https:\/\/www.challenge.ma\/wp-content\/uploads\/2021\/07\/Mohamed-Salah-Tamek-delegue-general-a-ladministration-penitentiaire-et-a-la-reinsertion-300x191.jpg 300w, https:\/\/www.challenge.ma\/wp-content\/uploads\/2021\/07\/Mohamed-Salah-Tamek-delegue-general-a-ladministration-penitentiaire-et-a-la-reinsertion-360x229.jpg 360w\" sizes=\"auto, (max-width: 620px) 100vw, 620px\" itemprop=\"image\">Le moins que je puisse dire en tant que citoyen marocain et ancien diplomate \u00e0 propos de la d\u00e9claration du porte-parole du D\u00e9partement d\u2019Etat am\u00e9ricain sur la justice et la libert\u00e9 de presse au Maroc est que je suis choqu\u00e9 et profond\u00e9ment touch\u00e9 dans ma dignit\u00e9 de marocain. En vertu<\/div>\n<p>Auteur: challenge<br \/>\n<a href=\"https:\/\/www.challenge.ma\/au-sujet-de-la-declaration-du-porte-parole-du-departement-detat-americain-concernant-les-detenus-s-raissouni-et-o-radi-192530\/\">Cliquez ici pour lire l&rsquo;article depuis sa source.<\/a><\/p>\n","protected":false},"excerpt":{"rendered":"<p>Le moins que je puisse dire en tant que citoyen marocain et ancien diplomate \u00e0 propos de la d\u00e9claration du porte-parole du D\u00e9partement d\u2019Etat am\u00e9ricain sur la justice et la libert\u00e9 de presse au Maroc est que je suis choqu\u00e9 et profond\u00e9ment touch\u00e9 dans ma dignit\u00e9 de marocain. En vertu Auteur: challenge Cliquez ici pour [&hellip;]<\/p>\n","protected":false},"author":1787,"featured_media":0,"comment_status":"closed","ping_status":"closed","sticky":false,"template":"","format":"standard","meta":{"fifu_image_url":"https:\/\/www.challenge.ma\/wp-content\/uploads\/2021\/07\/Mohamed-Salah-Tamek-delegue-general-a-ladministration-penitentiaire-et-a-la-reinsertion.jpg","fifu_image_alt":"Au sujet de la d\u00e9claration du porte-parole du D\u00e9partement D\u2019Etat am\u00e9ricain concernant les d\u00e9tenus S. Raissouni et O. Radi","footnotes":""},"categories":[78,54],"tags":[],"class_list":["post-121298","post","type-post","status-publish","format-standard","hentry","category-economie","category-maroc"],"_links":{"self":[{"href":"https:\/\/linitiative.ca\/International\/wp-json\/wp\/v2\/posts\/121298","targetHints":{"allow":["GET"]}}],"collection":[{"href":"https:\/\/linitiative.ca\/International\/wp-json\/wp\/v2\/posts"}],"about":[{"href":"https:\/\/linitiative.ca\/International\/wp-json\/wp\/v2\/types\/post"}],"author":[{"embeddable":true,"href":"https:\/\/linitiative.ca\/International\/wp-json\/wp\/v2\/users\/1787"}],"replies":[{"embeddable":true,"href":"https:\/\/linitiative.ca\/International\/wp-json\/wp\/v2\/comments?post=121298"}],"version-history":[{"count":0,"href":"https:\/\/linitiative.ca\/International\/wp-json\/wp\/v2\/posts\/121298\/revisions"}],"wp:attachment":[{"href":"https:\/\/linitiative.ca\/International\/wp-json\/wp\/v2\/media?parent=121298"}],"wp:term":[{"taxonomy":"category","embeddable":true,"href":"https:\/\/linitiative.ca\/International\/wp-json\/wp\/v2\/categories?post=121298"},{"taxonomy":"post_tag","embeddable":true,"href":"https:\/\/linitiative.ca\/International\/wp-json\/wp\/v2\/tags?post=121298"}],"curies":[{"name":"wp","href":"https:\/\/api.w.org\/{rel}","templated":true}]}}