{"id":121300,"date":"2021-07-13T16:35:55","date_gmt":"2021-07-13T20:35:55","guid":{"rendered":"https:\/\/linitiative.ca\/International\/tunisie-video-mechichi-na-pas-porte-plainte-contre-wissem-jebara\/"},"modified":"2021-07-13T16:35:55","modified_gmt":"2021-07-13T20:35:55","slug":"tunisie-video-mechichi-na-pas-porte-plainte-contre-wissem-jebara","status":"publish","type":"post","link":"https:\/\/linitiative.ca\/International\/tunisie-video-mechichi-na-pas-porte-plainte-contre-wissem-jebara\/","title":{"rendered":"Tunisie \u2013 VIDEO\u00a0: Mechichi n\u2019a pas port\u00e9 plainte contre Wissem jebara"},"content":{"rendered":"<div>\n<p>Le chef du gouvernement, Hichem Mechichi, a assur\u00e9, ce mardi, lors de l\u2019inauguration de l\u2019h\u00f4pital de campagne qatari install\u00e9 \u00e0 Ben Arous, qu\u2019il n\u2019a jamais port\u00e9 plainte, et qu\u2019il n\u2019en portera jamais contre personne, pour des affaires de libert\u00e9 d\u2019opinion. Il a ajout\u00e9, en l\u2019occurrence, qu\u2019il n\u2019est pas derri\u00e8re les poursuites \u00e0 l\u2019encontre du jeune [\u2026]<\/p>\n<p>L\u2019article <a href=\"https:\/\/www.tunisienumerique.com\/tunisie-video-mechichi-na-pas-porte-plainte-contre-wissem-jebara\/\">Tunisie \u2013 VIDEO\u00a0: Mechichi n\u2019a pas port\u00e9 plainte contre Wissem jebara<\/a> est apparu en premier sur <a href=\"https:\/\/www.tunisienumerique.com\/\">Tunisie<\/a>.<\/p>\n<\/div>\n<p>Auteur: LM<br \/>\n<a href=\"https:\/\/www.tunisienumerique.com\/tunisie-video-mechichi-na-pas-porte-plainte-contre-wissem-jebara\/\">Cliquez ici pour lire l&rsquo;article depuis sa source.<\/a><\/p>\n","protected":false},"excerpt":{"rendered":"<p>Le chef du gouvernement, Hichem Mechichi, a assur\u00e9, ce mardi, lors de l\u2019inauguration de l\u2019h\u00f4pital de campagne qatari install\u00e9 \u00e0 Ben Arous, qu\u2019il n\u2019a jamais port\u00e9 plainte, et qu\u2019il n\u2019en portera jamais contre personne, pour des affaires de libert\u00e9 d\u2019opinion. Il a ajout\u00e9, en l\u2019occurrence, qu\u2019il n\u2019est pas derri\u00e8re les poursuites \u00e0 l\u2019encontre du jeune [&hellip;]<\/p>\n","protected":false},"author":1789,"featured_media":0,"comment_status":"closed","ping_status":"closed","sticky":false,"template":"","format":"standard","meta":{"fifu_image_url":"","fifu_image_alt":"","footnotes":""},"categories":[73,55],"tags":[],"class_list":["post-121300","post","type-post","status-publish","format-standard","hentry","category-actualite","category-tunisie"],"_links":{"self":[{"href":"https:\/\/linitiative.ca\/International\/wp-json\/wp\/v2\/posts\/121300","targetHints":{"allow":["GET"]}}],"collection":[{"href":"https:\/\/linitiative.ca\/International\/wp-json\/wp\/v2\/posts"}],"about":[{"href":"https:\/\/linitiative.ca\/International\/wp-json\/wp\/v2\/types\/post"}],"author":[{"embeddable":true,"href":"https:\/\/linitiative.ca\/International\/wp-json\/wp\/v2\/users\/1789"}],"replies":[{"embeddable":true,"href":"https:\/\/linitiative.ca\/International\/wp-json\/wp\/v2\/comments?post=121300"}],"version-history":[{"count":0,"href":"https:\/\/linitiative.ca\/International\/wp-json\/wp\/v2\/posts\/121300\/revisions"}],"wp:attachment":[{"href":"https:\/\/linitiative.ca\/International\/wp-json\/wp\/v2\/media?parent=121300"}],"wp:term":[{"taxonomy":"category","embeddable":true,"href":"https:\/\/linitiative.ca\/International\/wp-json\/wp\/v2\/categories?post=121300"},{"taxonomy":"post_tag","embeddable":true,"href":"https:\/\/linitiative.ca\/International\/wp-json\/wp\/v2\/tags?post=121300"}],"curies":[{"name":"wp","href":"https:\/\/api.w.org\/{rel}","templated":true}]}}