{"id":121302,"date":"2021-07-13T16:53:55","date_gmt":"2021-07-13T20:53:55","guid":{"rendered":"https:\/\/linitiative.ca\/International\/tunisie-le-ministre-algerien-de-la-sante-en-visite-a-tunis\/"},"modified":"2021-07-13T16:53:55","modified_gmt":"2021-07-13T20:53:55","slug":"tunisie-le-ministre-algerien-de-la-sante-en-visite-a-tunis","status":"publish","type":"post","link":"https:\/\/linitiative.ca\/International\/tunisie-le-ministre-algerien-de-la-sante-en-visite-a-tunis\/","title":{"rendered":"Tunisie \u2013 Le ministre alg\u00e9rien de la sant\u00e9 en visite \u00e0 Tunis\u00a0!"},"content":{"rendered":"<div>\n<p>Le pr\u00e9sident alg\u00e9rien a envoy\u00e9 son ministre de la sant\u00e9, le Pr Abderrahmen Ben Bouzid, en Tunisie, o\u00f9 il est arriv\u00e9 \u00e0 la t\u00eate d\u2019une importante d\u00e9l\u00e9gation d\u2019experts en sant\u00e9, dont des membres du comit\u00e9 alg\u00e9rien de suivi et de lutte contre le covid. Le ministre a supervis\u00e9, \u00e0 son arriv\u00e9e \u00e0 Tunis, la livraison [\u2026]<\/p>\n<p>L\u2019article <a href=\"https:\/\/www.tunisienumerique.com\/tunisie-le-ministre-algerien-de-la-sante-en-visite-a-tunis\/\">Tunisie \u2013 Le ministre alg\u00e9rien de la sant\u00e9 en visite \u00e0 Tunis\u00a0!<\/a> est apparu en premier sur <a href=\"https:\/\/www.tunisienumerique.com\/\">Tunisie<\/a>.<\/p>\n<\/div>\n<p>Auteur: LM<br \/>\n<a href=\"https:\/\/www.tunisienumerique.com\/tunisie-le-ministre-algerien-de-la-sante-en-visite-a-tunis\/\">Cliquez ici pour lire l&rsquo;article depuis sa source.<\/a><\/p>\n","protected":false},"excerpt":{"rendered":"<p>Le pr\u00e9sident alg\u00e9rien a envoy\u00e9 son ministre de la sant\u00e9, le Pr Abderrahmen Ben Bouzid, en Tunisie, o\u00f9 il est arriv\u00e9 \u00e0 la t\u00eate d\u2019une importante d\u00e9l\u00e9gation d\u2019experts en sant\u00e9, dont des membres du comit\u00e9 alg\u00e9rien de suivi et de lutte contre le covid. Le ministre a supervis\u00e9, \u00e0 son arriv\u00e9e \u00e0 Tunis, la livraison [&hellip;]<\/p>\n","protected":false},"author":1789,"featured_media":0,"comment_status":"closed","ping_status":"closed","sticky":false,"template":"","format":"standard","meta":{"fifu_image_url":"","fifu_image_alt":"","footnotes":""},"categories":[73,55],"tags":[],"class_list":["post-121302","post","type-post","status-publish","format-standard","hentry","category-actualite","category-tunisie"],"_links":{"self":[{"href":"https:\/\/linitiative.ca\/International\/wp-json\/wp\/v2\/posts\/121302","targetHints":{"allow":["GET"]}}],"collection":[{"href":"https:\/\/linitiative.ca\/International\/wp-json\/wp\/v2\/posts"}],"about":[{"href":"https:\/\/linitiative.ca\/International\/wp-json\/wp\/v2\/types\/post"}],"author":[{"embeddable":true,"href":"https:\/\/linitiative.ca\/International\/wp-json\/wp\/v2\/users\/1789"}],"replies":[{"embeddable":true,"href":"https:\/\/linitiative.ca\/International\/wp-json\/wp\/v2\/comments?post=121302"}],"version-history":[{"count":0,"href":"https:\/\/linitiative.ca\/International\/wp-json\/wp\/v2\/posts\/121302\/revisions"}],"wp:attachment":[{"href":"https:\/\/linitiative.ca\/International\/wp-json\/wp\/v2\/media?parent=121302"}],"wp:term":[{"taxonomy":"category","embeddable":true,"href":"https:\/\/linitiative.ca\/International\/wp-json\/wp\/v2\/categories?post=121302"},{"taxonomy":"post_tag","embeddable":true,"href":"https:\/\/linitiative.ca\/International\/wp-json\/wp\/v2\/tags?post=121302"}],"curies":[{"name":"wp","href":"https:\/\/api.w.org\/{rel}","templated":true}]}}