{"id":121305,"date":"2021-07-13T15:44:14","date_gmt":"2021-07-13T19:44:14","guid":{"rendered":"https:\/\/linitiative.ca\/International\/nouvel-appel-a-marcher-au-tchad\/"},"modified":"2021-07-13T15:44:14","modified_gmt":"2021-07-13T19:44:14","slug":"nouvel-appel-a-marcher-au-tchad","status":"publish","type":"post","link":"https:\/\/linitiative.ca\/International\/nouvel-appel-a-marcher-au-tchad\/","title":{"rendered":"NOUVEL APPEL A MARCHER AU TCHAD"},"content":{"rendered":"<div>\n<p><img decoding=\"async\" width=\"560\" height=\"338\" src=\"https:\/\/linitiative.ca\/International\/wp-content\/uploads\/sites\/23\/2021\/07\/TCHAD.jpg\" class=\"attachment- size- wp-post-image\" alt=\"\" loading=\"lazy\" style=\"float:left; margin:0 15px 15px 0;\" srcset=\"https:\/\/linitiative.ca\/International\/wp-content\/uploads\/sites\/23\/2021\/07\/TCHAD.jpg 560w, https:\/\/lepays.bf\/wp-content\/uploads\/2021\/07\/TCHAD-300x181.jpg 300w\" sizes=\"auto, (max-width: 560px) 100vw, 560px\">C\u2019est en principe aujourd\u2019hui, qu\u2019\u00e0 l\u2019appel de la coalition Wakit Tama qui regroupe des associations de la soci\u00e9t\u00e9 civile et des partis politiques, des Tchadiens devraient descendre dans la rue pour protester contre les risques de confiscation du pouvoir par l\u2019arm\u00e9e. Mais l\u2019arr\u00eat\u00e9 du ministre de la S\u00e9curit\u00e9 qui autorise la manifestation, la reporte au \u2026<\/p>\n<p>L\u2019article <a rel=\"nofollow\" href=\"https:\/\/lepays.bf\/nouvel-appel-a-marcher-au-tchad\/\">NOUVEL APPEL A MARCHER AU TCHAD<\/a> est apparu en premier sur <a rel=\"nofollow\" href=\"https:\/\/lepays.bf\/\">Editions Le Pays<\/a>.<\/p>\n<\/div>\n<p>Auteur: Editions LEPAYS<br \/>\n<a href=\"https:\/\/lepays.bf\/nouvel-appel-a-marcher-au-tchad\/\">Cliquez ici pour lire l&rsquo;article depuis sa source.<\/a><\/p>\n","protected":false},"excerpt":{"rendered":"<p>C\u2019est en principe aujourd\u2019hui, qu\u2019\u00e0 l\u2019appel de la coalition Wakit Tama qui regroupe des associations de la soci\u00e9t\u00e9 civile et des partis politiques, des Tchadiens devraient descendre dans la rue pour protester contre les risques de confiscation du pouvoir par l\u2019arm\u00e9e. Mais l\u2019arr\u00eat\u00e9 du ministre de la S\u00e9curit\u00e9 qui autorise la manifestation, la reporte au [&hellip;]<\/p>\n","protected":false},"author":1813,"featured_media":0,"comment_status":"closed","ping_status":"closed","sticky":false,"template":"","format":"standard","meta":{"fifu_image_url":"https:\/\/lepays.bf\/wp-content\/uploads\/2021\/07\/TCHAD.jpg","fifu_image_alt":"NOUVEL APPEL A MARCHER AU TCHAD","footnotes":""},"categories":[73,81],"tags":[],"class_list":["post-121305","post","type-post","status-publish","format-standard","hentry","category-actualite","category-burkina-faso"],"_links":{"self":[{"href":"https:\/\/linitiative.ca\/International\/wp-json\/wp\/v2\/posts\/121305","targetHints":{"allow":["GET"]}}],"collection":[{"href":"https:\/\/linitiative.ca\/International\/wp-json\/wp\/v2\/posts"}],"about":[{"href":"https:\/\/linitiative.ca\/International\/wp-json\/wp\/v2\/types\/post"}],"author":[{"embeddable":true,"href":"https:\/\/linitiative.ca\/International\/wp-json\/wp\/v2\/users\/1813"}],"replies":[{"embeddable":true,"href":"https:\/\/linitiative.ca\/International\/wp-json\/wp\/v2\/comments?post=121305"}],"version-history":[{"count":0,"href":"https:\/\/linitiative.ca\/International\/wp-json\/wp\/v2\/posts\/121305\/revisions"}],"wp:attachment":[{"href":"https:\/\/linitiative.ca\/International\/wp-json\/wp\/v2\/media?parent=121305"}],"wp:term":[{"taxonomy":"category","embeddable":true,"href":"https:\/\/linitiative.ca\/International\/wp-json\/wp\/v2\/categories?post=121305"},{"taxonomy":"post_tag","embeddable":true,"href":"https:\/\/linitiative.ca\/International\/wp-json\/wp\/v2\/tags?post=121305"}],"curies":[{"name":"wp","href":"https:\/\/api.w.org\/{rel}","templated":true}]}}