{"id":121308,"date":"2021-07-13T17:20:15","date_gmt":"2021-07-13T21:20:15","guid":{"rendered":"https:\/\/linitiative.ca\/International\/un-sursis-de-deux-semaines\/"},"modified":"2021-07-13T17:20:15","modified_gmt":"2021-07-13T21:20:15","slug":"un-sursis-de-deux-semaines","status":"publish","type":"post","link":"https:\/\/linitiative.ca\/International\/un-sursis-de-deux-semaines\/","title":{"rendered":"Un \u00ab sursis \u00bb de deux semaines"},"content":{"rendered":"<div>\n<p>Les tractations pour l\u2019extradition de Fran\u00e7ois Compaor\u00e9 de la France vers le Burkina Faso se poursuivent. Le lundi 12 juillet dernier, le dossier du fr\u00e8re cadet de l\u2019ancien pr\u00e9sident, Blaise Compaor\u00e9, \u00e9tait sur la table des juges du Conseil d\u2019Etat. Les avocats de Fran\u00e7ois Compaor\u00e9 qui s\u2019opposent au transfert de leur client inculp\u00e9 pour \u00abincitation \u00e0 assassinat \u00bb dans l\u2019affaire Norbert Zongo, ont motiv\u00e9 leur position devant l\u2019institution judiciaire relevant du dernier \u00e9chelon dans la proc\u00e9dure fran\u00e7aise. A propos, la d\u00e9fense de M. Compaor\u00e9 n\u2019a pas \u00e9t\u00e9 avare en arguments qui varient des plus soutenables aux plus saugrenus. En effet, dans l\u2019optique de s\u2019attirer la sympathie des \u00ab sages \u00bb, ils ont d\u00e9peint un Burkina \u00ab d\u00e9vast\u00e9 par l\u2019ins\u00e9curit\u00e9 \u00bb et qualifi\u00e9 l\u2019appareil judiciaire burkinab\u00e8 de \u00ab d\u00e9labr\u00e9 et corrompu \u00bb avec un syst\u00e8me carc\u00e9ral \u00ab d\u00e9sastreux \u00bb. Convaincu que l\u2019affaire est politique et que la vie de leur client sera menac\u00e9e une fois en cellule au pays des Hommes int\u00e8gres, ils ont alors plaid\u00e9 pour l\u2019annulation du d\u00e9cret d\u2019extradition. Cette th\u00e8se libre n\u2019est pas partag\u00e9e par le rapporteur public charg\u00e9 de proposer aux juges du Conseil d\u2019Etat un avis, apr\u00e8s une lecture technique sur des points juridiques. Ce dernier qui a pes\u00e9 le pour et le contre est parvenu \u00e0 la conclusion que le pr\u00e9venu sera hors de danger s\u2019il est extrad\u00e9.<\/p>\n<p>En tout \u00e9tat de cause, le Conseil d\u2019Etat va-t-il enfin autoriser l\u2019extradition de \u00ab l\u2019acteur-cl\u00e9 \u00bb du dossier Norbert Zongo ou va-t-il se plier aux desiderata de la d\u00e9fense de l\u2019incrimin\u00e9. Le Conseil d\u2019Etat a au moins deux semaines pour rendre sa d\u00e9cision sur l\u2019annulation ou non du d\u00e9cret d\u2019extradition de Fran\u00e7ois Compaor\u00e9. Il sera hasardeux d\u2019\u00e9piloguer sur des pronostics au risque de verser dans la d\u00e9lation. Toutefois, il sied de lever le voile sur la capacit\u00e9 du Burkina Faso \u00e0 garantir un proc\u00e8s \u00e9quitable dans cette affaire. Des telles insinuations imposent un certain nombre d\u2019observations. Sans faire de la surench\u00e8re, il convient de relever que c\u2019est au Burkina Faso et nulle part ailleurs que s\u2019est tenu en 2019, le proc\u00e8s du coup d\u2019Etat manqu\u00e9 de septembre 2015. Un proc\u00e8s m\u00e9diatis\u00e9 qui a montr\u00e9 \u00e0 la face du monde que les droits des pr\u00e9venus ont \u00e9t\u00e9 respect\u00e9s. Le jugement a permis de relaxer des pr\u00e9venus pour infractions non constitu\u00e9es et aussi de retenir dans les liens de la pr\u00e9vention, des complices et commanditaires du coup de force contre le pouvoir de la Transition. C\u2019est aussi dans un Burkina \u00ab d\u00e9vast\u00e9 par l\u2019ins\u00e9curit\u00e9 \u00bb comme le pr\u00e9tend la d\u00e9fense de Fran\u00e7ois Compaor\u00e9 que les d\u00e9tenus dont des g\u00e9n\u00e9raux sont emprisonn\u00e9s sans que leurs vies ne soient menac\u00e9es.<\/p>\n<p>C\u2019est encore dans ce m\u00eame pays au syst\u00e8me carc\u00e9ral dit \u00abd\u00e9sastreux \u00bb qu\u2019un prisonnier, un officier sup\u00e9rieur de l\u2019arm\u00e9e qui avait des soucis de sant\u00e9, a \u00e9t\u00e9 \u00e9vacu\u00e9 en France pour des soins appropri\u00e9s. D\u2019o\u00f9 viennent donc les raisons qui tendent \u00e0 justifier que le pays des Hommes int\u00e8gres ne peut pas garantir un proc\u00e8s \u00e9quitable pour les inculp\u00e9s dans le dossier Norbert Zongo ? Il se susurre d\u00e9j\u00e0 que les avocats de Fran\u00e7ois Compaor\u00e9 envisagent de saisir la Cour europ\u00e9enne des droits de l\u2019homme au cas \u00e9ch\u00e9ant afin que le gouvernement fran\u00e7ais suspende l\u2019extradition. Quelle que soit la d\u00e9cision du Conseil d\u2019Etat fran\u00e7ais, le peuple burkinab\u00e8 saura encore patienter pour conna\u00eetre le d\u00e9nouement de ce feuilleton judicaire. Il a toujours trouv\u00e9 depuis 1998 l\u2019\u00e9nergie et les ressources n\u00e9cessaires pour lever les obstacles dans cette affaire afin que la lumi\u00e8re soit faite sur cette page sombre de son histoire.<\/p>\n<p style=\"text-align: right\"><strong>Abdoulaye BALBONE<\/strong><\/p>\n<p>L\u2019article <a rel=\"nofollow\" href=\"https:\/\/www.sidwaya.info\/blog\/2021\/07\/13\/un-sursis-de-deux-semaines\/\">Un \u00ab sursis \u00bb de deux semaines<\/a> est apparu en premier sur <a rel=\"nofollow\" href=\"https:\/\/www.sidwaya.info\/\">Quotidien Sidwaya<\/a>.<\/p>\n<\/div>\n<p>Auteur: BM. Sidwaya<br \/>\n<a href=\"https:\/\/www.sidwaya.info\/blog\/2021\/07\/13\/un-sursis-de-deux-semaines\/\">Cliquez ici pour lire l&rsquo;article depuis sa source.<\/a><\/p>\n","protected":false},"excerpt":{"rendered":"<p>Les tractations pour l\u2019extradition de Fran\u00e7ois Compaor\u00e9 de la France vers le Burkina Faso se poursuivent. Le lundi 12 juillet dernier, le dossier du fr\u00e8re cadet de l\u2019ancien pr\u00e9sident, Blaise Compaor\u00e9, \u00e9tait sur la table des juges du Conseil d\u2019Etat. Les avocats de Fran\u00e7ois Compaor\u00e9 qui s\u2019opposent au transfert de leur client inculp\u00e9 pour \u00abincitation [&hellip;]<\/p>\n","protected":false},"author":1816,"featured_media":0,"comment_status":"closed","ping_status":"closed","sticky":false,"template":"","format":"standard","meta":{"fifu_image_url":"","fifu_image_alt":"","footnotes":""},"categories":[73,81],"tags":[],"class_list":["post-121308","post","type-post","status-publish","format-standard","hentry","category-actualite","category-burkina-faso"],"_links":{"self":[{"href":"https:\/\/linitiative.ca\/International\/wp-json\/wp\/v2\/posts\/121308","targetHints":{"allow":["GET"]}}],"collection":[{"href":"https:\/\/linitiative.ca\/International\/wp-json\/wp\/v2\/posts"}],"about":[{"href":"https:\/\/linitiative.ca\/International\/wp-json\/wp\/v2\/types\/post"}],"author":[{"embeddable":true,"href":"https:\/\/linitiative.ca\/International\/wp-json\/wp\/v2\/users\/1816"}],"replies":[{"embeddable":true,"href":"https:\/\/linitiative.ca\/International\/wp-json\/wp\/v2\/comments?post=121308"}],"version-history":[{"count":0,"href":"https:\/\/linitiative.ca\/International\/wp-json\/wp\/v2\/posts\/121308\/revisions"}],"wp:attachment":[{"href":"https:\/\/linitiative.ca\/International\/wp-json\/wp\/v2\/media?parent=121308"}],"wp:term":[{"taxonomy":"category","embeddable":true,"href":"https:\/\/linitiative.ca\/International\/wp-json\/wp\/v2\/categories?post=121308"},{"taxonomy":"post_tag","embeddable":true,"href":"https:\/\/linitiative.ca\/International\/wp-json\/wp\/v2\/tags?post=121308"}],"curies":[{"name":"wp","href":"https:\/\/api.w.org\/{rel}","templated":true}]}}