{"id":121315,"date":"2021-07-13T14:18:02","date_gmt":"2021-07-13T18:18:02","guid":{"rendered":"https:\/\/linitiative.ca\/International\/senegal-du-materiel-medical-pour-soulager-les-patients-hemodialyses\/"},"modified":"2021-07-13T14:18:02","modified_gmt":"2021-07-13T18:18:02","slug":"senegal-du-materiel-medical-pour-soulager-les-patients-hemodialyses","status":"publish","type":"post","link":"https:\/\/linitiative.ca\/International\/senegal-du-materiel-medical-pour-soulager-les-patients-hemodialyses\/","title":{"rendered":"S\u00e9n\u00e9gal : du mat\u00e9riel m\u00e9dical pour soulager les patients h\u00e9modialys\u00e9s"},"content":{"rendered":"<div>\n<p><img loading=\"lazy\" decoding=\"async\" width=\"1080\" height=\"720\" src=\"https:\/\/linitiative.ca\/International\/wp-content\/uploads\/sites\/23\/2021\/07\/16262002829396.jpg\" class=\"attachment-post-thumbnail size-post-thumbnail wp-post-image\" alt=\"\" srcset=\"https:\/\/linitiative.ca\/International\/wp-content\/uploads\/sites\/23\/2021\/07\/16262002829396.jpg 1080w, https:\/\/www.journalducameroun.com\/wp-content\/uploads\/2021\/07\/16262002829396-300x200.jpg 300w, https:\/\/www.journalducameroun.com\/wp-content\/uploads\/2021\/07\/16262002829396-768x512.jpg 768w, https:\/\/www.journalducameroun.com\/wp-content\/uploads\/2021\/07\/16262002829396-1024x683.jpg 1024w, https:\/\/www.journalducameroun.com\/wp-content\/uploads\/2021\/07\/16262002829396-660x440.jpg 660w, https:\/\/www.journalducameroun.com\/wp-content\/uploads\/2021\/07\/16262002829396-600x400.jpg 600w\" sizes=\"auto, (max-width: 1080px) 100vw, 1080px\"><\/p>\n<p>Abdoulaye Diouf Sarr, le ministre de la Sant\u00e9 et de l&rsquo;Action sociale, a r\u00e9ceptionn\u00e9 ce mardi 40 g\u00e9n\u00e9rateurs et 2 unit\u00e9s de traitement d&rsquo;eau qui serviront dans la prise en charge des insuffisants r\u00e9naux.Cette nouvelle mettra du baume au c\u0153ur des personnes souffrant d&rsquo;insuffisance r\u00e9nale. Pour nombre d&rsquo;entre elles, les s\u00e9ances d&rsquo;h\u00e9modialyse sont un chemin de croix. Mais avec ces acquisitions, selon le minist\u00e8re de la Sant\u00e9 et de l&rsquo;Action sociale, le quota des h\u00e9modialys\u00e9s va d&rsquo;ici la fin de l&rsquo;ann\u00e9e passer de 300 \u00e0 400 malades sur plus de 1000 patients pris en charge dans les centres de dialyse sur l&rsquo;ensemble du territoire.<\/p>\n<p>A en croire la source, le mat\u00e9riel est enti\u00e8rement destin\u00e9 au Centre d&rsquo;h\u00e9modialyse Saliou Fall, construit par l&rsquo;Association s\u00e9n\u00e9galaise des h\u00e9modialys\u00e9s et insuffisants r\u00e9naux (Ashir) et r\u00e9habilit\u00e9 par la Fondation Servir le S\u00e9n\u00e9gal, de la Premi\u00e8re dame, Mari\u00e8me Faye Sall.<\/p>\n<p>Le gouvernement du S\u00e9n\u00e9gal sait \u00e0 quel point l&rsquo;insuffisance r\u00e9nale bouleverse des vies. C&rsquo;est pourquoi il a d\u00e9cid\u00e9 de prendre ce probl\u00e8me \u00e0 bras-le-corps \u00e0 travers notamment la tenue prochaine d&rsquo;un Conseil pr\u00e9sidentiel sp\u00e9cial. Objectif : r\u00e9gler en grande partie de nombreuses questions li\u00e9es \u00e0 la maladie.<\/p>\n<p>Cet article <a rel=\"nofollow\" href=\"https:\/\/www.journalducameroun.com\/senegal-du-materiel-medical-pour-soulager-les-patients-hemodialyses\/\">S\u00e9n\u00e9gal : du mat\u00e9riel m\u00e9dical pour soulager les patients h\u00e9modialys\u00e9s<\/a> est apparu en premier sur <a rel=\"nofollow\" href=\"https:\/\/www.journalducameroun.com\/\">Journal du Cameroun<\/a>.<\/p>\n<\/div>\n<p>Auteur: APA News<br \/>\n<a href=\"https:\/\/www.journalducameroun.com\/senegal-du-materiel-medical-pour-soulager-les-patients-hemodialyses\/\">Cliquez ici pour lire l&rsquo;article depuis sa source.<\/a><\/p>\n","protected":false},"excerpt":{"rendered":"<p>Abdoulaye Diouf Sarr, le ministre de la Sant\u00e9 et de l&rsquo;Action sociale, a r\u00e9ceptionn\u00e9 ce mardi 40 g\u00e9n\u00e9rateurs et 2 unit\u00e9s de traitement d&rsquo;eau qui serviront dans la prise en charge des insuffisants r\u00e9naux.Cette nouvelle mettra du baume au c\u0153ur des personnes souffrant d&rsquo;insuffisance r\u00e9nale. Pour nombre d&rsquo;entre elles, les s\u00e9ances d&rsquo;h\u00e9modialyse sont un chemin [&hellip;]<\/p>\n","protected":false},"author":1965,"featured_media":0,"comment_status":"closed","ping_status":"closed","sticky":false,"template":"","format":"standard","meta":{"fifu_image_url":"https:\/\/www.journalducameroun.com\/wp-content\/uploads\/2021\/07\/16262002829396.jpg","fifu_image_alt":"S\u00e9n\u00e9gal : du mat\u00e9riel m\u00e9dical pour soulager les patients h\u00e9modialys\u00e9s","footnotes":""},"categories":[73,82],"tags":[],"class_list":["post-121315","post","type-post","status-publish","format-standard","hentry","category-actualite","category-cameroun"],"_links":{"self":[{"href":"https:\/\/linitiative.ca\/International\/wp-json\/wp\/v2\/posts\/121315","targetHints":{"allow":["GET"]}}],"collection":[{"href":"https:\/\/linitiative.ca\/International\/wp-json\/wp\/v2\/posts"}],"about":[{"href":"https:\/\/linitiative.ca\/International\/wp-json\/wp\/v2\/types\/post"}],"author":[{"embeddable":true,"href":"https:\/\/linitiative.ca\/International\/wp-json\/wp\/v2\/users\/1965"}],"replies":[{"embeddable":true,"href":"https:\/\/linitiative.ca\/International\/wp-json\/wp\/v2\/comments?post=121315"}],"version-history":[{"count":0,"href":"https:\/\/linitiative.ca\/International\/wp-json\/wp\/v2\/posts\/121315\/revisions"}],"wp:attachment":[{"href":"https:\/\/linitiative.ca\/International\/wp-json\/wp\/v2\/media?parent=121315"}],"wp:term":[{"taxonomy":"category","embeddable":true,"href":"https:\/\/linitiative.ca\/International\/wp-json\/wp\/v2\/categories?post=121315"},{"taxonomy":"post_tag","embeddable":true,"href":"https:\/\/linitiative.ca\/International\/wp-json\/wp\/v2\/tags?post=121315"}],"curies":[{"name":"wp","href":"https:\/\/api.w.org\/{rel}","templated":true}]}}