{"id":121317,"date":"2021-07-13T17:18:01","date_gmt":"2021-07-13T21:18:01","guid":{"rendered":"https:\/\/linitiative.ca\/International\/maroc-des-records-de-consommation-delectricite-avec-la-vague-de-chaleur\/"},"modified":"2021-07-13T17:18:01","modified_gmt":"2021-07-13T21:18:01","slug":"maroc-des-records-de-consommation-delectricite-avec-la-vague-de-chaleur","status":"publish","type":"post","link":"https:\/\/linitiative.ca\/International\/maroc-des-records-de-consommation-delectricite-avec-la-vague-de-chaleur\/","title":{"rendered":"Maroc : Des records de consommation d\u2019\u00e9lectricit\u00e9 avec la vague de chaleur"},"content":{"rendered":"<div>\n<p><img loading=\"lazy\" decoding=\"async\" width=\"2700\" height=\"1502\" src=\"https:\/\/linitiative.ca\/International\/wp-content\/uploads\/sites\/23\/2021\/07\/16262110826975.jpg\" class=\"attachment-post-thumbnail size-post-thumbnail wp-post-image\" alt=\"\" srcset=\"https:\/\/linitiative.ca\/International\/wp-content\/uploads\/sites\/23\/2021\/07\/16262110826975.jpg 2700w, https:\/\/www.journalducameroun.com\/wp-content\/uploads\/2021\/07\/16262110826975-300x167.jpg 300w, https:\/\/www.journalducameroun.com\/wp-content\/uploads\/2021\/07\/16262110826975-768x427.jpg 768w, https:\/\/www.journalducameroun.com\/wp-content\/uploads\/2021\/07\/16262110826975-1024x570.jpg 1024w, https:\/\/www.journalducameroun.com\/wp-content\/uploads\/2021\/07\/16262110826975-160x90.jpg 160w, https:\/\/www.journalducameroun.com\/wp-content\/uploads\/2021\/07\/16262110826975-240x135.jpg 240w, https:\/\/www.journalducameroun.com\/wp-content\/uploads\/2021\/07\/16262110826975-791x440.jpg 791w, https:\/\/www.journalducameroun.com\/wp-content\/uploads\/2021\/07\/16262110826975-600x334.jpg 600w\" sizes=\"auto, (max-width: 2700px) 100vw, 2700px\"><\/p>\n<p>Le Maroc a connu depuis le semaine du 5 juillet une vague de chaleur ayant entrain\u00e9 une hausse de la consommation de l&rsquo;\u00e9lectricit\u00e9, a indiqu\u00e9 l&rsquo;Office national de l&rsquo;\u00e9lectricit\u00e9 et de l&rsquo;eau (ONEE), relevant que des records de consommation d&rsquo;\u00e9lectricit\u00e9 ont \u00e9t\u00e9 enregistr\u00e9s lundi 12 juillet.Dans un communiqu\u00e9, l&rsquo;ONEE a expliqu\u00e9 que la demande de l&rsquo;\u00e9nergie \u00e9lectrique au Maroc affiche un accroissement important durant les p\u00e9riodes estivales, ce qui s&rsquo;explique essentiellement cette ann\u00e9e par une utilisation massive de la climatisation dans les secteurs tertiaire et r\u00e9sidentiel et des pompages agricoles pour les besoins d&rsquo;irrigation et ce, en raison des fortes chaleurs qu&rsquo;enregistrent actuellement la quasi-totalit\u00e9 des r\u00e9gions du Royaume.<\/p>\n<p>Ainsi, le record de la pointe du soir a \u00e9t\u00e9 enregistr\u00e9 le 12 juillet 2021 et a atteint 6.710 MW \u00e0 21h45 soit une hausse de 270 MW par rapport \u00e0 celui de l&rsquo;ann\u00e9e 2020.<\/p>\n<p>Durant la m\u00eame journ\u00e9e, la puissance maximale appel\u00e9e \u00e0 la pointe du matin a atteint 6.634 MW \u00e0 12h00, en hausse de 279 MW par rapport \u00e0 celle enregistr\u00e9e durant l&rsquo;ann\u00e9e pr\u00e9c\u00e9dente.<\/p>\n<p>Cet article <a rel=\"nofollow\" href=\"https:\/\/www.journalducameroun.com\/maroc-des-records-de-consommation-delectricite-avec-la-vague-de-chaleur\/\">Maroc : Des records de consommation d\u2019\u00e9lectricit\u00e9 avec la vague de chaleur<\/a> est apparu en premier sur <a rel=\"nofollow\" href=\"https:\/\/www.journalducameroun.com\/\">Journal du Cameroun<\/a>.<\/p>\n<\/div>\n<p>Auteur: APA News<br \/>\n<a href=\"https:\/\/www.journalducameroun.com\/maroc-des-records-de-consommation-delectricite-avec-la-vague-de-chaleur\/\">Cliquez ici pour lire l&rsquo;article depuis sa source.<\/a><\/p>\n","protected":false},"excerpt":{"rendered":"<p>Le Maroc a connu depuis le semaine du 5 juillet une vague de chaleur ayant entrain\u00e9 une hausse de la consommation de l&rsquo;\u00e9lectricit\u00e9, a indiqu\u00e9 l&rsquo;Office national de l&rsquo;\u00e9lectricit\u00e9 et de l&rsquo;eau (ONEE), relevant que des records de consommation d&rsquo;\u00e9lectricit\u00e9 ont \u00e9t\u00e9 enregistr\u00e9s lundi 12 juillet.Dans un communiqu\u00e9, l&rsquo;ONEE a expliqu\u00e9 que la demande de [&hellip;]<\/p>\n","protected":false},"author":1965,"featured_media":0,"comment_status":"closed","ping_status":"closed","sticky":false,"template":"","format":"standard","meta":{"fifu_image_url":"https:\/\/www.journalducameroun.com\/wp-content\/uploads\/2021\/07\/16262110826975.jpg","fifu_image_alt":"Maroc : Des records de consommation d\u2019\u00e9lectricit\u00e9 avec la vague de chaleur","footnotes":""},"categories":[73,82],"tags":[],"class_list":["post-121317","post","type-post","status-publish","format-standard","hentry","category-actualite","category-cameroun"],"_links":{"self":[{"href":"https:\/\/linitiative.ca\/International\/wp-json\/wp\/v2\/posts\/121317","targetHints":{"allow":["GET"]}}],"collection":[{"href":"https:\/\/linitiative.ca\/International\/wp-json\/wp\/v2\/posts"}],"about":[{"href":"https:\/\/linitiative.ca\/International\/wp-json\/wp\/v2\/types\/post"}],"author":[{"embeddable":true,"href":"https:\/\/linitiative.ca\/International\/wp-json\/wp\/v2\/users\/1965"}],"replies":[{"embeddable":true,"href":"https:\/\/linitiative.ca\/International\/wp-json\/wp\/v2\/comments?post=121317"}],"version-history":[{"count":0,"href":"https:\/\/linitiative.ca\/International\/wp-json\/wp\/v2\/posts\/121317\/revisions"}],"wp:attachment":[{"href":"https:\/\/linitiative.ca\/International\/wp-json\/wp\/v2\/media?parent=121317"}],"wp:term":[{"taxonomy":"category","embeddable":true,"href":"https:\/\/linitiative.ca\/International\/wp-json\/wp\/v2\/categories?post=121317"},{"taxonomy":"post_tag","embeddable":true,"href":"https:\/\/linitiative.ca\/International\/wp-json\/wp\/v2\/tags?post=121317"}],"curies":[{"name":"wp","href":"https:\/\/api.w.org\/{rel}","templated":true}]}}