{"id":121319,"date":"2021-07-13T17:18:03","date_gmt":"2021-07-13T21:18:03","guid":{"rendered":"https:\/\/linitiative.ca\/International\/cote-divoire-le-capital-du-fafci-passe-a-25-milliards-fcfa\/"},"modified":"2021-07-13T17:18:03","modified_gmt":"2021-07-13T21:18:03","slug":"cote-divoire-le-capital-du-fafci-passe-a-25-milliards-fcfa","status":"publish","type":"post","link":"https:\/\/linitiative.ca\/International\/cote-divoire-le-capital-du-fafci-passe-a-25-milliards-fcfa\/","title":{"rendered":"C\u00f4te d\u2019Ivoire: le capital du FAFCI passe \u00e0 25 milliards FCFA"},"content":{"rendered":"<div>\n<p><img loading=\"lazy\" decoding=\"async\" width=\"800\" height=\"533\" src=\"https:\/\/linitiative.ca\/International\/wp-content\/uploads\/sites\/23\/2021\/07\/16262110835391.jpg\" class=\"attachment-post-thumbnail size-post-thumbnail wp-post-image\" alt=\"\" srcset=\"https:\/\/linitiative.ca\/International\/wp-content\/uploads\/sites\/23\/2021\/07\/16262110835391.jpg 800w, https:\/\/www.journalducameroun.com\/wp-content\/uploads\/2021\/07\/16262110835391-300x200.jpg 300w, https:\/\/www.journalducameroun.com\/wp-content\/uploads\/2021\/07\/16262110835391-768x512.jpg 768w, https:\/\/www.journalducameroun.com\/wp-content\/uploads\/2021\/07\/16262110835391-660x440.jpg 660w, https:\/\/www.journalducameroun.com\/wp-content\/uploads\/2021\/07\/16262110835391-600x400.jpg 600w\" sizes=\"auto, (max-width: 800px) 100vw, 800px\"><\/p>\n<p>Le capital du Fonds d&rsquo;appui aux femmes de C\u00f4te d&rsquo;Ivoire (FAFCI)  qui est pass\u00e9 de 1 milliard en 2012 \u00e0 20 milliards Fcfa, en neuf ans, a \u00e9t\u00e9 accru de 5 milliards Fcfa, pour s&rsquo;\u00e9tablir \u00e0 25 milliards Fcfa, a annonc\u00e9 mardi Mme Dominique Ouattara, lors d&rsquo;une c\u00e9r\u00e9monie.<\/p>\n<p>\u00ab\u00a0J&rsquo;ai le plaisir de vous annoncer que le pr\u00e9sident de la R\u00e9publique a d\u00e9cid\u00e9 que le capital du FAFCI soit augment\u00e9 de 5 milliards \u00e0 compter de ce jour. Il s&rsquo;\u00e9l\u00e8vera donc \u00e0 25 milliards, ce qui permettra \u00e0 encore plus de nos s\u0153urs, d&rsquo;adh\u00e9rer au FAFCI\u00a0\u00bb, a annonc\u00e9 Mme Dominique Ouattara.<\/p>\n<p>Apr\u00e8s neuf ann\u00e9es de succ\u00e8s, le fonds a atteint 20 milliards de F CFA. Elle s&rsquo;est f\u00e9licit\u00e9e de cette performance et du \u00ab\u00a0taux de remboursement national de 98%, ce qui est un exploit par rapport aux autres programmes similaires en C\u00f4te d&rsquo;Ivoire\u00a0\u00bb.<\/p>\n<p>La Premi\u00e8re dame de C\u00f4te d&rsquo;Ivoire a relev\u00e9 qu&rsquo;en 2012 les femmes \u00e9taient 10 000 b\u00e9n\u00e9ficiaires pour un capital de d\u00e9marrage de 1 milliard de FCFA. Aujourd&rsquo;hui, le bilan ressort 49,77 milliards Fcfa pr\u00eat\u00e9s aux femmes pour 26 1450 b\u00e9n\u00e9ficiaires.<\/p>\n<p>Le retour sur investissement, lui, est estim\u00e9 \u00e0 29,77 milliards Fcfa, selon les r\u00e9sultats, qui rapportent que 148 agences de micro-finances en C\u00f4te d&rsquo;Ivoire op\u00e8rent sur ce projet visant \u00e0 l&rsquo;autonomisation des femmes ivoiriennes.<\/p>\n<p>En perspectives, le fonds envisage de continuer la mise en place de cr\u00e9dits au profit des micro-finances, de mobiliser les ressources au niveau de l&rsquo;Etat et d&rsquo;autres partenaires et d&rsquo;augmenter le nombre d&rsquo;agences dans les r\u00e9gions du pays.<\/p>\n<p>Les projections indiquent \u00e9galement la construction avec l&rsquo;appui du gouvernement de march\u00e9s dans plusieurs localit\u00e9s, la signature de partenariats pour la prise en charge des b\u00e9n\u00e9ficiaires (CMU et CNPS) au niveau de la protection sociale.<\/p>\n<p>\u00ab Au-del\u00e0 d&rsquo;un r\u00eave, cr\u00e9er un Fonds de micro-finance pour aider mes s\u0153urs Ivoiriennes \u00e0 \u00eatre autonomes \u00e9tait un d\u00e9fi que je m&rsquo;\u00e9tais assign\u00e9 de relever \u00bb, a d\u00e9clar\u00e9 Mme Dominique Ouattara. Ce voyage a d\u00e9but\u00e9 le 08 novembre 2012, apr\u00e8s la cr\u00e9ation de ce fonds par d\u00e9cret.<\/p>\n<p>Depuis neuf ans, les adh\u00e9rentes au FAFCI saisissent cette opportunit\u00e9 pour r\u00e9aliser des activit\u00e9s \u00e9conomiques, s&rsquo;est-elle r\u00e9joui. Dans la majeure partie des cas, elles sont parvenues \u00e0 am\u00e9liorer leurs conditions de vie et celle de leur famille.<\/p>\n<p>Dix-sept femmes ont re\u00e7u des dipl\u00f4mes d&rsquo;honneur FAFCI pour s&rsquo;\u00eatre distingu\u00e9es dans leurs domaines d&rsquo;activit\u00e9s respectifs. Leur porte-parole, Mme Yolande Boah\u00e9n\u00e9 Adjoua, a salu\u00e9 la Premi\u00e8re dame pour ses actions en faveur des femmes de C\u00f4te d&rsquo;Ivoire. \u00a0<\/p>\n<p>Cet article <a rel=\"nofollow\" href=\"https:\/\/www.journalducameroun.com\/cote-divoire-le-capital-du-fafci-passe-a-25-milliards-fcfa\/\">C\u00f4te d\u2019Ivoire: le capital du FAFCI passe \u00e0 25 milliards FCFA<\/a> est apparu en premier sur <a rel=\"nofollow\" href=\"https:\/\/www.journalducameroun.com\/\">Journal du Cameroun<\/a>.<\/p>\n<\/div>\n<p>Auteur: APA News<br \/>\n<a href=\"https:\/\/www.journalducameroun.com\/cote-divoire-le-capital-du-fafci-passe-a-25-milliards-fcfa\/\">Cliquez ici pour lire l&rsquo;article depuis sa source.<\/a><\/p>\n","protected":false},"excerpt":{"rendered":"<p>Le capital du Fonds d&rsquo;appui aux femmes de C\u00f4te d&rsquo;Ivoire (FAFCI) qui est pass\u00e9 de 1 milliard en 2012 \u00e0 20 milliards Fcfa, en neuf ans, a \u00e9t\u00e9 accru de 5 milliards Fcfa, pour s&rsquo;\u00e9tablir \u00e0 25 milliards Fcfa, a annonc\u00e9 mardi Mme Dominique Ouattara, lors d&rsquo;une c\u00e9r\u00e9monie. \u00ab\u00a0J&rsquo;ai le plaisir de vous annoncer que [&hellip;]<\/p>\n","protected":false},"author":1965,"featured_media":0,"comment_status":"closed","ping_status":"closed","sticky":false,"template":"","format":"standard","meta":{"fifu_image_url":"https:\/\/www.journalducameroun.com\/wp-content\/uploads\/2021\/07\/16262110835391.jpg","fifu_image_alt":"C\u00f4te d\u2019Ivoire: le capital du FAFCI passe \u00e0 25 milliards FCFA","footnotes":""},"categories":[73,82],"tags":[],"class_list":["post-121319","post","type-post","status-publish","format-standard","hentry","category-actualite","category-cameroun"],"_links":{"self":[{"href":"https:\/\/linitiative.ca\/International\/wp-json\/wp\/v2\/posts\/121319","targetHints":{"allow":["GET"]}}],"collection":[{"href":"https:\/\/linitiative.ca\/International\/wp-json\/wp\/v2\/posts"}],"about":[{"href":"https:\/\/linitiative.ca\/International\/wp-json\/wp\/v2\/types\/post"}],"author":[{"embeddable":true,"href":"https:\/\/linitiative.ca\/International\/wp-json\/wp\/v2\/users\/1965"}],"replies":[{"embeddable":true,"href":"https:\/\/linitiative.ca\/International\/wp-json\/wp\/v2\/comments?post=121319"}],"version-history":[{"count":0,"href":"https:\/\/linitiative.ca\/International\/wp-json\/wp\/v2\/posts\/121319\/revisions"}],"wp:attachment":[{"href":"https:\/\/linitiative.ca\/International\/wp-json\/wp\/v2\/media?parent=121319"}],"wp:term":[{"taxonomy":"category","embeddable":true,"href":"https:\/\/linitiative.ca\/International\/wp-json\/wp\/v2\/categories?post=121319"},{"taxonomy":"post_tag","embeddable":true,"href":"https:\/\/linitiative.ca\/International\/wp-json\/wp\/v2\/tags?post=121319"}],"curies":[{"name":"wp","href":"https:\/\/api.w.org\/{rel}","templated":true}]}}