{"id":121321,"date":"2021-07-13T17:18:03","date_gmt":"2021-07-13T21:18:03","guid":{"rendered":"https:\/\/linitiative.ca\/International\/inauguration-de-passages-en-paves-plastiques-dans-un-marche-dabidjan\/"},"modified":"2021-07-13T17:18:03","modified_gmt":"2021-07-13T21:18:03","slug":"inauguration-de-passages-en-paves-plastiques-dans-un-marche-dabidjan","status":"publish","type":"post","link":"https:\/\/linitiative.ca\/International\/inauguration-de-passages-en-paves-plastiques-dans-un-marche-dabidjan\/","title":{"rendered":"Inauguration de passages en pav\u00e9s plastiques dans un march\u00e9 d\u2019Abidjan"},"content":{"rendered":"<div>\n<p><img loading=\"lazy\" decoding=\"async\" width=\"920\" height=\"425\" src=\"https:\/\/linitiative.ca\/International\/wp-content\/uploads\/sites\/23\/2021\/07\/16262110832974.jpg\" class=\"attachment-post-thumbnail size-post-thumbnail wp-post-image\" alt=\"\" srcset=\"https:\/\/linitiative.ca\/International\/wp-content\/uploads\/sites\/23\/2021\/07\/16262110832974.jpg 920w, https:\/\/www.journalducameroun.com\/wp-content\/uploads\/2021\/07\/16262110832974-300x139.jpg 300w, https:\/\/www.journalducameroun.com\/wp-content\/uploads\/2021\/07\/16262110832974-768x355.jpg 768w, https:\/\/www.journalducameroun.com\/wp-content\/uploads\/2021\/07\/16262110832974-600x277.jpg 600w\" sizes=\"auto, (max-width: 920px) 100vw, 920px\"><\/p>\n<p>Des zones pi\u00e9tonnes en pav\u00e9s plastiques, d&rsquo;une superficie de 200 m\u00e8tres carr\u00e9s, ont \u00e9t\u00e9 inaugur\u00e9es mardi au march\u00e9 de Wassakara, \u00e0 Yopougon, une commune populaire dans l&rsquo;Ouest d&rsquo;Abidjan, gr\u00e2ce \u00e0 un partenariat entre la mairie et Nestl\u00e9 C\u00f4te d&rsquo;Ivoire.<\/p>\n<p>Construites au sein du march\u00e9 de Wassakara \u00e0 Yopougon, elles font au total 200 m2. Selon Mme Rosine Kouassi, repr\u00e9sentant le directeur g\u00e9n\u00e9ral de Nestl\u00e9 C\u00f4te d&rsquo;Ivoire, la valorisation des d\u00e9chets plastiques mat\u00e9rialise les engagements \u00e9cologiques de la firme agroalimentaire.<\/p>\n<p>Cela s&rsquo;inscrit dans le cadre de \u00ab notre Projet au march\u00e9 je trie mon plastique\u00bb, visant d&rsquo;une part, \u00e0 sensibiliser les acteurs des march\u00e9s que sont les commer\u00e7ants et les populations et d&rsquo;autre part, \u00e0 collecter les d\u00e9chets plastiques en vue de les recycler, a indiqu\u00e9 Mme Rosine Kouassi.<\/p>\n<p>A Yopougon, dira-t-elle, ce projet est impl\u00e9ment\u00e9 dans les march\u00e9s des quartiers Sicogi, Sel Mer et Wassakara. A travers ce projet, la firme agroalimentaire veut amener les citoyens et les communaut\u00e9s \u00e0 un \u00ab\u00a0engagement pour une gestion responsable des d\u00e9chets plastiques\u00a0\u00bb.<\/p>\n<p>Proc\u00e9dant \u00e0 l&rsquo;inauguration de ces passages pavet\u00e9s \u00e0 base de mat\u00e9riaux issus du recyclage des d\u00e9chets plastiques, le 6e adjoint au maire, Alexis Gouanou, s&rsquo;est dit \u00ab \u00e9merveill\u00e9 \u00bb de voir ces pav\u00e9s en plastique, \u00e0 l&rsquo;allure de pav\u00e9s en ciment, apr\u00e8s la visite de ce site.\u00a0<\/p>\n<p>\u00ab\u00a0C&rsquo;est la parfaite d\u00e9monstration de ce que rien ne se perd, tout se transforme. Nous voulons avoir une commune \u00e9cologique, il faut passer par l\u00e0, donc c&rsquo;est un sentiment de joie et de satisfaction de constater que v\u00e9ritablement avec le plastique on peut faire beaucoup d&rsquo;autres choses\u00a0\u00bb, a-t-il d\u00e9clar\u00e9.<\/p>\n<p>Le 6e\u00a0adjoint au maire de Yopougon a assur\u00e9 que la mairie va s&rsquo;approprier ce projet, parce qu&rsquo;il est \u00e9cologique. A long terme, cette technologie devrait permettre de construire des voies en pav\u00e9s plastiques dans la commune, o\u00f9 plusieurs routes sont d\u00e9grad\u00e9es. \u00a0<\/p>\n<p>Ce projet a lieu dans le cadre d&rsquo;un protocole impliquant la mairie de Yopougon, la firme agroalimentaire et la structure Manage &amp; Paste (MDP), sp\u00e9cialis\u00e9e dans la gestion des d\u00e9chets. Il a permis de 2020 \u00e0 2021 la collecte de 60 tonnes de d\u00e9chets plastiques recycl\u00e9s \u00e0 100%.<\/p>\n<p>Il a en outre favoris\u00e9 la cr\u00e9ation de 15 emplois directs avec notamment des collecteurs et des superviseurs, dont les meilleurs ont \u00e9t\u00e9 r\u00e9compens\u00e9s lors d&rsquo;une c\u00e9r\u00e9monie dans les locaux de la maire de Yopougon.<\/p>\n<p>Pour faire \u00e9cho \u00e0 la Journ\u00e9e mondiale sans sacs plastiques, l&rsquo;entreprise agroalimentaire a d\u00e9cid\u00e9 de poser cet acte afin qu&rsquo;il r\u00e9sonne dans les esprits et rappeler l&rsquo;int\u00e9r\u00eat d&rsquo;investir dans l&rsquo;\u00e9conomie verte, \u00e0 travers des mod\u00e8les \u00e9conomiques innovants.<\/p>\n<p>Au niveau mondial, le g\u00e9ant agroalimentaire ambitionne de rendre 100% de ses emballages recyclables ou r\u00e9utilisables d&rsquo;ici \u00e0 2025. Dans cet \u00e9lan, il a investi plus de 1 200 milliards Fcfa pour favoriser un march\u00e9 autour du plastique recycl\u00e9 et acc\u00e9l\u00e9rer l&rsquo;innovation de l&rsquo;industrie de l&#8217;emballage.<\/p>\n<p>\u00abNous nous engageons \u00e0 r\u00e9duire de 33% l&rsquo;utilisation du plastique vierge d&rsquo;ici \u00e0 2025 \u00bb, a poursuivi Mme Rosine Kouassi. L&rsquo;entreprise envisage de d\u00e9ployer sur toute l&rsquo;\u00e9tendue du territoire national ces mod\u00e8les par les acteurs priv\u00e9s et publics.<\/p>\n<p>La firme a collect\u00e9 \u00a0587 tonnes de d\u00e9chets plastiques en 2020 gr\u00e2ce au Projet Plastock \u00e0 Port-Bou\u00ebt et Yopougon, \u00e0 des collecteurs ind\u00e9pendants \u00e0 Abobo et Cocody et au Projet au march\u00e9 je trie mon plastique \u00e0 Treichville et Yopougon.<\/p>\n<p>Cet article <a rel=\"nofollow\" href=\"https:\/\/www.journalducameroun.com\/inauguration-de-passages-en-paves-plastiques-dans-un-marche-dabidjan\/\">Inauguration de passages en pav\u00e9s plastiques dans un march\u00e9 d\u2019Abidjan<\/a> est apparu en premier sur <a rel=\"nofollow\" href=\"https:\/\/www.journalducameroun.com\/\">Journal du Cameroun<\/a>.<\/p>\n<\/div>\n<p>Auteur: APA News<br \/>\n<a href=\"https:\/\/www.journalducameroun.com\/inauguration-de-passages-en-paves-plastiques-dans-un-marche-dabidjan\/\">Cliquez ici pour lire l&rsquo;article depuis sa source.<\/a><\/p>\n","protected":false},"excerpt":{"rendered":"<p>Des zones pi\u00e9tonnes en pav\u00e9s plastiques, d&rsquo;une superficie de 200 m\u00e8tres carr\u00e9s, ont \u00e9t\u00e9 inaugur\u00e9es mardi au march\u00e9 de Wassakara, \u00e0 Yopougon, une commune populaire dans l&rsquo;Ouest d&rsquo;Abidjan, gr\u00e2ce \u00e0 un partenariat entre la mairie et Nestl\u00e9 C\u00f4te d&rsquo;Ivoire. Construites au sein du march\u00e9 de Wassakara \u00e0 Yopougon, elles font au total 200 m2. Selon [&hellip;]<\/p>\n","protected":false},"author":1965,"featured_media":0,"comment_status":"closed","ping_status":"closed","sticky":false,"template":"","format":"standard","meta":{"fifu_image_url":"https:\/\/www.journalducameroun.com\/wp-content\/uploads\/2021\/07\/16262110832974.jpg","fifu_image_alt":"Inauguration de passages en pav\u00e9s plastiques dans un march\u00e9 d\u2019Abidjan","footnotes":""},"categories":[73,82],"tags":[],"class_list":["post-121321","post","type-post","status-publish","format-standard","hentry","category-actualite","category-cameroun"],"_links":{"self":[{"href":"https:\/\/linitiative.ca\/International\/wp-json\/wp\/v2\/posts\/121321","targetHints":{"allow":["GET"]}}],"collection":[{"href":"https:\/\/linitiative.ca\/International\/wp-json\/wp\/v2\/posts"}],"about":[{"href":"https:\/\/linitiative.ca\/International\/wp-json\/wp\/v2\/types\/post"}],"author":[{"embeddable":true,"href":"https:\/\/linitiative.ca\/International\/wp-json\/wp\/v2\/users\/1965"}],"replies":[{"embeddable":true,"href":"https:\/\/linitiative.ca\/International\/wp-json\/wp\/v2\/comments?post=121321"}],"version-history":[{"count":0,"href":"https:\/\/linitiative.ca\/International\/wp-json\/wp\/v2\/posts\/121321\/revisions"}],"wp:attachment":[{"href":"https:\/\/linitiative.ca\/International\/wp-json\/wp\/v2\/media?parent=121321"}],"wp:term":[{"taxonomy":"category","embeddable":true,"href":"https:\/\/linitiative.ca\/International\/wp-json\/wp\/v2\/categories?post=121321"},{"taxonomy":"post_tag","embeddable":true,"href":"https:\/\/linitiative.ca\/International\/wp-json\/wp\/v2\/tags?post=121321"}],"curies":[{"name":"wp","href":"https:\/\/api.w.org\/{rel}","templated":true}]}}