{"id":121323,"date":"2021-07-13T09:31:21","date_gmt":"2021-07-13T13:31:21","guid":{"rendered":"https:\/\/linitiative.ca\/International\/communique-ecomatin-fait-lobjet-de-menaces-et-dintimidations\/"},"modified":"2021-07-13T09:31:21","modified_gmt":"2021-07-13T13:31:21","slug":"communique-ecomatin-fait-lobjet-de-menaces-et-dintimidations","status":"publish","type":"post","link":"https:\/\/linitiative.ca\/International\/communique-ecomatin-fait-lobjet-de-menaces-et-dintimidations\/","title":{"rendered":"Communiqu\u00e9 : EcoMatin fait l\u2019objet de menaces et d\u2019intimidations"},"content":{"rendered":"<div>\n<p>Le groupe <strong>EICI Sarl,<\/strong> \u00e9diteur du bihebdomadaire <strong>EcoMatin <\/strong>et de ses supports connexes sur les questions \u00e9conomiques, porte \u00e0 la connaissance de l\u2019opinion nationale et internationale, que suite \u00e0 la parution dans son journal, \u00e9dition No 445 du mercredi 7 juillet 2021, d\u2019une <strong><a href=\"https:\/\/ecomatin.net\/trafic-humainn-enquete-sur-lexploitation-dess-indienss-au-cameroun-1-3\/\">\u00ab\u00a0<em>Enqu\u00eate sur l\u2019exploitation des indiens au Cameroun\u00a0\u00bb,<\/em><\/a><\/strong> il fait l\u2019objet de menaces et man\u0153uvres d\u2019intimidation de la part de M. <strong>Avinash Hingorani, <\/strong>de nationalit\u00e9 indienne et promoteur des entreprises <strong>SAMMYS CREATIONS<\/strong> et <strong>REVES VOYAGES<\/strong>.\u00a0<\/p>\n<p>Non content des d\u00e9nonciations faites par notre journal dans le cadre de cette enqu\u00eate journalistique, dont l\u2019acte premier a \u00e9t\u00e9 publi\u00e9 dans la parution susmentionn\u00e9e, et qui r\u00e9v\u00e8le des pratiques avilissantes et d\u00e9shumanisantes de certains de ses employ\u00e9s, des Indiens pour la plupart, M. <strong>Avinash Hingorani<\/strong> fait depuis lors feu de tout bois pour tenter de nous faire taire.<\/p>\n<p>D\u00e8s publication de l\u2019article, il a cru bon d\u2019envoyer des messages empreints de menaces et de chantage au Directeur de publication du journal, via l\u2019application Whatsapp Messenger, feignant ainsi d\u2019ignorer toutes les d\u00e9marches que nous avons entreprises en direction de son entreprise depuis le d\u00e9but de cette enqu\u00eate le 14 juin 2021. Il sera d\u2019ailleurs lui-m\u00eame saisi d\u2019une demande d\u2019informations via l\u2019application sus-\u00e9voqu\u00e9e, en date du 28 juin 2021, apr\u00e8s que le repr\u00e9sentant de ses entreprises au Cameroun est rest\u00e9 indiff\u00e9rent \u00e0 nos requ\u00eates pr\u00e9alables.<\/p>\n<p>M. <strong>Avinash Hingorani<\/strong> r\u00e9agira autrement en envoyant trois de ses collaborateurs \u00e0 nos bureaux sis \u00e0 la Rue CEPER le 29 juin 2021, alors que la parution de l\u2019article \u00e9tait initialement pr\u00e9vue le mercredi 30 juin 2021. Au terme d\u2019un \u00e9change avec le Directeur de Publication d\u2019EcoMatin dans son bureau, subtilement enregistr\u00e9 \u00e0 l\u2019insu de celui-ci, les trois \u00e9missaires repartent tr\u00e8s d\u00e9\u00e7us de<\/p>\n<p>n\u2019avoir pas pu obtenir du Directeur de publication d\u2019abandonner son enqu\u00eate.<\/p>\n<p>Ceux-ci obtiennent tout de m\u00eame du Directeur de publication de repousser les d\u00e9lais de parution de cette enqu\u00eate, le temps de pr\u00e9parer une r\u00e9ponse formelle suite aux sollicitations de notre journal, mu par le principe d\u2019\u00e9quilibre des sources d\u2019information.<\/p>\n<p>Jusqu\u2019au 6 juillet 2021, M. <strong>AvinashHingorani<\/strong> n\u2019a toujours pas donn\u00e9 de suite \u00e0 nos diff\u00e9rentes requ\u00eates, et semble engag\u00e9 \u00e0 retarder autant que faire se peut la parution de cette enqu\u00eate qui sera finalement publi\u00e9e dans l\u2019\u00e9dition du mercredi 7 juillet 2021, et repris sur le site internet <a href=\"http:\/\/www.ecomatin.net\/\">www.ecomatin.net<\/a> le lundi 12 juillet 2021. Dans la foul\u00e9e, la r\u00e9daction d\u2019<strong>EcoMatin <\/strong>a re\u00e7u en ses bureaux une sommation d\u2019huissier, aux fins de stopper la s\u00e9rie d\u2019articles \u00e0 paraitre dans le cadre de cette enqu\u00eate. Non sans compter la pile de messages d\u2019intimidation que continue d\u2019envoyer <strong>M. Avinash Hingorani<\/strong> au Directeur de Publication.<\/p>\n<p><strong>EcoMatin<\/strong> par le pr\u00e9sent communiqu\u00e9, prend l\u2019opinion publique \u00e0 t\u00e9moin, et pr\u00e9cise qu\u2019il ne fl\u00e9chira point face aux man\u0153uvres orchestr\u00e9es par M. Avinash, lequel se pr\u00e9vaut d\u2019importants soutiens au sein de l\u2019appareil judiciaire et de la police camerounaise. Par ailleurs, il s\u2019engage \u00e0 livrer l\u2019int\u00e9gralit\u00e9 de cette enqu\u00eate qu\u2019il a men\u00e9e pendant pr\u00e8s d\u2019un mois aupr\u00e8s des employ\u00e9s de <strong>SAMMYS CREATIONS<\/strong> et <strong>REVES VOYAGES <\/strong>dans ses prochaines parutions et sur ses autres supports. Nous d\u00e9fendons les valeurs d\u2019une presse libre et engag\u00e9e pour l\u2019\u00e9dification de notre d\u00e9mocratie dans le respect des institutions de la R\u00e9publique, et rien ne nous emp\u00eachera d\u2019y parvenir.<\/p>\n<p><strong>Lire aussi : <a href=\"https:\/\/ecomatin.net\/trafic-humainn-enquete-sur-lexploitation-dess-indienss-au-cameroun-1-3\/\">Trafic humain : enqu\u00eate sur l\u2019exploitation des indiens au Cameroun (1\/3)<\/a><\/strong><\/p>\n<div class=\"wp-block-buttons\">\n<div class=\"wp-block-button\"><a class=\"wp-block-button__link has-vivid-red-background-color has-background\" href=\"https:\/\/ecomatin.net\/wp-content\/uploads\/2021\/07\/communique.pdf\">T\u00e9l\u00e9charger le PDF<\/a><\/div>\n<\/div>\n<p>L\u2019article <a rel=\"nofollow\" href=\"https:\/\/ecomatin.net\/communique-ecomatin-fait-lobjet-de-menaces-et-dintimidationss\/\">Communiqu\u00e9 : EcoMatin fait l\u2019objet de menaces et d\u2019intimidations<\/a> est apparu en premier sur <a rel=\"nofollow\" href=\"https:\/\/ecomatin.net\/\">EcoMatin<\/a>.<\/p>\n<\/div>\n<p>Auteur: EcoMatin<br \/>\n<a href=\"https:\/\/ecomatin.net\/communique-ecomatin-fait-lobjet-de-menaces-et-dintimidationss\/\">Cliquez ici pour lire l&rsquo;article depuis sa source.<\/a><\/p>\n","protected":false},"excerpt":{"rendered":"<p>Le groupe EICI Sarl, \u00e9diteur du bihebdomadaire EcoMatin et de ses supports connexes sur les questions \u00e9conomiques, porte \u00e0 la connaissance de l\u2019opinion nationale et internationale, que suite \u00e0 la parution dans son journal, \u00e9dition No 445 du mercredi 7 juillet 2021, d\u2019une \u00ab\u00a0Enqu\u00eate sur l\u2019exploitation des indiens au Cameroun\u00a0\u00bb, il fait l\u2019objet de menaces [&hellip;]<\/p>\n","protected":false},"author":1969,"featured_media":0,"comment_status":"closed","ping_status":"closed","sticky":false,"template":"","format":"standard","meta":{"fifu_image_url":"","fifu_image_alt":"","footnotes":""},"categories":[82,78],"tags":[],"class_list":["post-121323","post","type-post","status-publish","format-standard","hentry","category-cameroun","category-economie"],"_links":{"self":[{"href":"https:\/\/linitiative.ca\/International\/wp-json\/wp\/v2\/posts\/121323","targetHints":{"allow":["GET"]}}],"collection":[{"href":"https:\/\/linitiative.ca\/International\/wp-json\/wp\/v2\/posts"}],"about":[{"href":"https:\/\/linitiative.ca\/International\/wp-json\/wp\/v2\/types\/post"}],"author":[{"embeddable":true,"href":"https:\/\/linitiative.ca\/International\/wp-json\/wp\/v2\/users\/1969"}],"replies":[{"embeddable":true,"href":"https:\/\/linitiative.ca\/International\/wp-json\/wp\/v2\/comments?post=121323"}],"version-history":[{"count":0,"href":"https:\/\/linitiative.ca\/International\/wp-json\/wp\/v2\/posts\/121323\/revisions"}],"wp:attachment":[{"href":"https:\/\/linitiative.ca\/International\/wp-json\/wp\/v2\/media?parent=121323"}],"wp:term":[{"taxonomy":"category","embeddable":true,"href":"https:\/\/linitiative.ca\/International\/wp-json\/wp\/v2\/categories?post=121323"},{"taxonomy":"post_tag","embeddable":true,"href":"https:\/\/linitiative.ca\/International\/wp-json\/wp\/v2\/tags?post=121323"}],"curies":[{"name":"wp","href":"https:\/\/api.w.org\/{rel}","templated":true}]}}