{"id":121324,"date":"2021-07-13T10:53:38","date_gmt":"2021-07-13T14:53:38","guid":{"rendered":"https:\/\/linitiative.ca\/International\/assemblee-nationale-le-bilan-de-la-session-parlementaire-de-juin-2021\/"},"modified":"2021-07-13T10:53:38","modified_gmt":"2021-07-13T14:53:38","slug":"assemblee-nationale-le-bilan-de-la-session-parlementaire-de-juin-2021","status":"publish","type":"post","link":"https:\/\/linitiative.ca\/International\/assemblee-nationale-le-bilan-de-la-session-parlementaire-de-juin-2021\/","title":{"rendered":"Assembl\u00e9e nationale : le bilan de la session parlementaire de juin 2021"},"content":{"rendered":"<div>\n<p><strong>Covidgate\u00a0: le rapport de la Chambre des comptes se fait d\u00e9sirer au parlement<\/strong><\/p>\n<p>Parmi les grands sujets inscrits \u00e0 l\u2019ordre du jour de la deuxi\u00e8me session parlementaire de l\u2019ann\u00e9e \u00e0 l\u2019Assembl\u00e9e nationale, figurait celui sur la pr\u00e9sentation aux d\u00e9put\u00e9s du rapport de la Chambre des comptes sur la gestion controvers\u00e9e du Fonds sp\u00e9cial de solidarit\u00e9 nationale pour la lutte contre la pand\u00e9mie de Coronavirus, et ses r\u00e9percussions \u00e9conomiques et sociales. Le rendez-vous \u00e9tait programm\u00e9 au cours d\u2019une pl\u00e9ni\u00e8re sp\u00e9ciale le 25 juin 2021 \u00e0 9 heures 30 minutes. Mais contre toute attente, il est d\u00e9programm\u00e9 et renvoy\u00e9 \u00e0 une date ult\u00e9rieure. C\u2019est qu\u2019en effet, le programme des travaux de la journ\u00e9e du 25 juin avait \u00e9t\u00e9 compl\u00e8tement chamboul\u00e9 et ne pr\u00e9voyait d\u00e9sormais qu\u2019un seul point \u00e0 l\u2019ordre du jour : la r\u00e9union trimestrielle des membres de la commission des Finances et du Budget \u00e0 10 heures. Et pourtant, dans le programme communiqu\u00e9 le 23 juin par le secr\u00e9taire g\u00e9n\u00e9ral de l\u2019Assembl\u00e9e nationale, Gaston Komba, cette r\u00e9union devait se tenir \u00e0 14 heures, apr\u00e8s la s\u00e9ance sp\u00e9ciale consacr\u00e9e \u00e0 la Chambre des Comptes.<\/p>\n<p>Le rapport n\u2019arrive plus \u00e0 l\u2019assembl\u00e9e comme annonc\u00e9. Les d\u00e9put\u00e9s demeureront dans l\u2019expectative jusqu\u2019\u00e0 la fin de la session. C\u2019est \u00e0 croire comme l\u2019a indiqu\u00e9 nos confr\u00e8res de Jeune Afrique, que ledit rapport a \u00e9t\u00e9 confisqu\u00e9 par la Pr\u00e9sidence de la r\u00e9publique. Dans un article paru sur son site le 30 juin dernier, le magazine panafricain r\u00e9v\u00e8le que d\u2019apr\u00e8s les usages au Cameroun, seule la pr\u00e9sidence a vocation \u00e0 d\u00e9programmer une s\u00e9ance pl\u00e9ni\u00e8re, et que par cons\u00e9quent, elle a man\u0153uvr\u00e9 pour le report de celle consacr\u00e9e \u00e0 la pr\u00e9sentation du rapport, lequel n\u2019\u00e9tait pas destin\u00e9 \u00e0 \u00eatre publi\u00e9, apprend-on. Une situation qui confirme s\u2019il en \u00e9tait encore besoin, de tout le myst\u00e8re qui entoure le fameux rapport d\u2019audit, prisonnier des r\u00e9seaux maffieux qui tentent de le dissimuler, malgr\u00e9 les fuites sur les r\u00e9seaux sociaux.<\/p>\n<p><strong>Lire aussi<\/strong> : <strong><a href=\"https:\/\/ecomatin.net\/assemblee-nationale-lannulation-de-la-pleniere-sur-le-covidgate-preoccupe-les-deputes\/\">Assembl\u00e9e nationale: l\u2019annulation de la pl\u00e9ni\u00e8re sur le Covidgate pr\u00e9occupe les d\u00e9put\u00e9s<\/a><\/strong><\/p>\n<p>Fin mars 2021, la synth\u00e8se du rapport g\u00e9n\u00e9ral du premier rapport d\u2019audit de la Chambre des Comptes sur l\u2019utilisation des ressources du Fonds sp\u00e9cial de solidarit\u00e9 nationale pour la lutte contre le coronavirus a fuit\u00e9 dans la presse. Dans ce document, la Haute Juridiction financi\u00e8re s\u2019\u00e9tait appesantie sur les minist\u00e8res de la Sant\u00e9 publique (Minsante) et de la Recherche scientifique et de l\u2019Innovation (Minresi). La Chambre des Comptes avait alors constat\u00e9 que \u00ab le syst\u00e8me organisationnel et la gestion financi\u00e8re des ressources ont mis \u00e0 jour des faiblesses et r\u00e9v\u00e9l\u00e9 de nombreux abus. \u00bb Le rapport rel\u00e8ve 30 proc\u00e9dures de faute de gestion des responsables du Minsante et du Minresi. La Juridiction financi\u00e8re recommande l\u2019ouverture de 10 proc\u00e9dures concernant des faits susceptibles de constituer des infractions \u00e0 la loi p\u00e9nale.<\/p>\n<p><strong>Secteur de l\u2019\u00e9lectricit\u00e9\u00a0: le courant ne passe pas entre le gouvernement et les d\u00e9put\u00e9s<\/strong><\/p>\n<p>l n\u2019a \u00e9chapp\u00e9 \u00e0 personne, ce reportage de nos confr\u00e8res de la chaine de t\u00e9l\u00e9vision priv\u00e9e Equinoxe TV, devenu viral sur les r\u00e9seaux sociaux, et dans laquelle on voyait l\u2019honorable Simon Kumase, s\u2019en prendre verbalement au ministre de l\u2019Eau et de l\u2019Energie, Gaston Eloundou Essomba, au sujet du d\u00e9ficit \u00e9nerg\u00e9tique auquel fait face le pays. \u00ab Comment la production de l\u2019\u00e9lectricit\u00e9 de tout un pays peut reposer sur un seul ministre ? De toutes vos promesses, vous n\u2019avez rien r\u00e9alis\u00e9. Les Camerounais sont sans \u00e9lectricit\u00e9 dans tout le pays. Par o\u00f9 allez-vous commencer ? Nous, d\u00e9put\u00e9s et repr\u00e9sentants du peuple, sommes exclus des prises de d\u00e9cisions importantes. Vous venez ici nous enfumer, et vous reviendrez ici en novembre nous raconter que le budget est mont\u00e9, le budget est descendu \u00bb, lan\u00e7ait le d\u00e9put\u00e9 de la Mezam sur un ton furieux. Au cours de cette pl\u00e9ni\u00e8re sp\u00e9ciale du 28 juin dernier qui avait dur\u00e9 six heures d\u2019horloge, le ministre \u00e9tait cuisin\u00e9 tour \u00e0 tour par des \u00e9lus de la nation, qui lui posaient des pr\u00e9occupations sp\u00e9cifiques \u00e0 leurs circonscriptions, lesquelles se r\u00e9sumaient en des griefs tels que : coupures intempestives d\u2019\u00e9nergie \u00e9lectrique, v\u00e9tust\u00e9 des installations, poteaux pourris, transformateurs en panne\u2026<\/p>\n<p>Au cours de ces \u00e9changes qui ont par ailleurs maqu\u00e9 l\u2019un des temps forts de cette session du mois de juin, le mercure retombait entre les d\u00e9put\u00e9s et le repr\u00e9sentant du gouvernement, et les deux parties ont finalement \u00e9chang\u00e9 sur les mesures \u00e0 prendre sur tenter de juguler la crise \u00e9nerg\u00e9tique. Les d\u00e9put\u00e9s ont par la suite formul\u00e9 des recommandations au ministre de l\u2019Eau et de l\u2019Energie, lesquelles leur semblaient essentielles pour adresser cette probl\u00e9matique. Ils ont notamment plaid\u00e9 pour la lib\u00e9ralisation du secteur, \u00e0 l\u2019effet de \u00ab permettre \u00e0 d\u2019autres op\u00e9rateurs d\u2019investir dans la production, le transport et la distribution de l\u2019\u00e9lectricit\u00e9 \u00bb. En clair, les \u00e9lus de la nation esp\u00e8rent voir intervenir des op\u00e9rateurs priv\u00e9s dans le secteur, lesquels viendraient par exemple casser le monopole de la distribution, exclusivement assur\u00e9e par Energy of Cameroon (Eneo) et celui du transport d\u00e9volu \u00e0 la seule Soci\u00e9t\u00e9 nationale de transport de l\u2019\u00e9lectricit\u00e9 (Sonatrel).<\/p>\n<p><strong>Lire aussi<\/strong> : <strong><a href=\"https:\/\/ecomatin.net\/titres-fonciers-jean-de-dieu-momo-propose-de-punir-les-abus-des-fonctionnaires\/\">Titres fonciers : Jean De Dieu Momo propose de punir les abus des fonctionnaires<\/a><\/strong><\/p>\n<p>Toujours dans le chapitre des recommandations sur le plan des infrastructures, les d\u00e9put\u00e9s prescrivent \u00e9galement le renouvellement du parc de transport et de distribution d\u2019\u00e9lectricit\u00e9, source de nombreuses ruptures d\u2019approvisionnement en \u00e9nergie \u00e9lectrique ; de cr\u00e9er de nouveaux circuits r\u00e9seaux de distribution modernes et aptes \u00e0 r\u00e9pondre \u00e0 la forte demande li\u00e9e \u00e0 la croissance d\u00e9mographique ; de rendre op\u00e9rationnels les diff\u00e9rents barrages hydro\u00e9lectriques (Memve\u2019ele, Mekin, Mokolo\u2026) pour am\u00e9liorer la quantit\u00e9 de production de l\u2019\u00e9nergie \u00e9lectrique, de restaurer la maintenance r\u00e9guli\u00e8re des centrales hydro\u00e9lectriques ; de multiplier les projets d\u2019extension de r\u00e9seau davantage en zone rurale o\u00f9 70% des populations vivent dans la pr\u00e9carit\u00e9 ; du recensement des sites potentiels de construction de mini-barrage et la mise en place d\u2019une strat\u00e9gie en vue de leur construction effective et l\u2019autonomisation de certaines localit\u00e9s en mati\u00e8re d\u2019\u00e9lectricit\u00e9.<\/p>\n<p><strong>Cadrage macro\u00e9conomique\u00a0: gouvernement et Parlement d\u2019accord sur les priorit\u00e9s 2022-2024<\/strong><\/p>\n<p>Pour la troisi\u00e8me fois, apr\u00e8s 2019 et 2020, le gouvernement et le Parlement sont au m\u00eame niveau d\u2019information sur le cadrage macro\u00e9conomique \u00e0 court et moyen terme. C\u2019est \u00e0 la faveur du D\u00e9bat d\u2019orientation budg\u00e9taire organis\u00e9 le 6 juillet 2021 \u00e0 l\u2019Assembl\u00e9e nationale. La s\u00e9ance pl\u00e9ni\u00e8re y relative a permis aux \u00e9quipes du minist\u00e8re des Finances et du ministre de l\u2019Economie, de la Planification et de l\u2019am\u00e9nagement du territoire d\u2019\u00e9changer sur le Document de programmation \u00e9conomique et budg\u00e9taire \u00e0 moyen terme.<\/p>\n<p><strong>Lire aussi<\/strong> : <strong><a href=\"https:\/\/ecomatin.net\/logements-sociaux-la-sic-sollicite-lappui-de-la-diaspora-camerounaise\/\">Logements sociaux : la SIC sollicite l\u2019appui de la diaspora camerounaise<\/a><\/strong><\/p>\n<p>Les repr\u00e9sentants du peuple ont ainsi eu l\u2019opportunit\u00e9 d\u2019apporter leurs contributions dans la pr\u00e9paration du budget de l\u2019Etat et de s\u2019accorder avec le gouvernement sur les priorit\u00e9s. Sur la p\u00e9riode 2022-2024, il est question au plan strat\u00e9gique de maintenir la veille s\u00e9curitaire sur toute l\u2019\u00e9tendue du territoire national, poursuivre la mise en \u0153uvre du plan de riposte contre le coronavirus, organiser la Coupe d\u2019Afrique des Nations, finaliser la mise en \u0153uvre des grands projets de premi\u00e8re g\u00e9n\u00e9ration, maintenir le cap sur la transformation structurelle de l\u2019\u00e9conomie, la rem\u00e9diation de certaines tendances lourdes de l\u2019\u00e9conomie, notamment la d\u00e9pendance vis-\u00e0-vis de l\u2019ext\u00e9rieur, la construction des bases solides pour une meilleure conqu\u00eate des march\u00e9s ext\u00e9rieurs, poursuivre la mise en \u0153uvre de la Couverture Sant\u00e9 Universelle et la politique du livre, etc.<\/p>\n<p>L\u2019impl\u00e9mentation de ces orientations se d\u00e9clinent, au plan pratique, par le l\u2019engagement de porter \u00e0 60% la part de la commande publique aux entreprises locales, la volont\u00e9 de mettre \u00e0 la disposition des collectivit\u00e9s territoriales d\u00e9centralis\u00e9es, 15% des recettes de l\u2019Etat et de renforcer la d\u00e9centralisation par le transfert effectif des comp\u00e9tences et des moyens, la volont\u00e9 de promouvoir et de soutenir les champions nationaux, la volont\u00e9 de d\u00e9velopper le patrimoine \u00e9conomique, etc.<\/p>\n<p>Pour ce qui est des perspectives budg\u00e9taires, le budget de l\u2019Etat en 2022 s\u2019\u00e9quilibre en recettes et en d\u00e9penses \u00e0 5659,7 milliards de Fcfa. Soit une hausse de 68,4 milliards par rapport \u00e0 2021. A moyen terme, ces ressources s\u2019\u00e9tabliraient \u00e0 5 983,2 milliards entre 2023 et 2024 ; soit une augmentation de 333,5 milliards (+5,9%) par rapport \u00e0 2022. Le gouvernement et le Parlement sont d\u2019avis de poursuivre les efforts de consolidation budg\u00e9taire et de soutenabilit\u00e9 du d\u00e9ficit budg\u00e9taire qui est ramen\u00e9 \u00e0 2% du PIB en 2022 contre 3,1% en 2021. Il s\u2019\u00e9tablira \u00e0 1,3% en 2014. En valeur absolue, le d\u00e9ficit budg\u00e9taire global est projet\u00e9 \u00e0 516,8 milliards en 2022 contre 753,9 milliards en 2021. Soit une r\u00e9duction de 237 milliards du besoin de financement de l\u2019Etat. De m\u00eame, le Document de Programmation \u00c9conomique et Budg\u00e9taire pr\u00e9voit-il de porter la pression fiscale \u00e0 12,5% en 2022 contre 11,80% en 2021, et \u00e0 l\u2019horizon 2024 \u00e0 13,55%.<\/p>\n<p><strong>Lire aussi<\/strong> : <strong><a href=\"https:\/\/ecomatin.net\/en-30-ans-le-credit-foncier-r-a-accordee-plus-s-de-19-milliards-de-prets-immobiliers-aux-camerounais-de-la-diaspora\/\">En 30 ans, le Cr\u00e9dit foncier a accord\u00e9 plus de 19 milliards de pr\u00eats immobiliers aux camerounais de la diaspora<\/a><\/strong><\/p>\n<p>Les projections budg\u00e9taires sur la p\u00e9riode 2022-2024 reposent sur des hypoth\u00e8ses macro\u00e9conomiques prudentes, r\u00e9alistes et r\u00e9alisables. En effet, la croissance \u00e9conomique est projet\u00e9e \u00e0 4,4% en 2022 avec un taux d\u2019inflation \u00e0 2%, un prix mondial du baril de p\u00e9trole \u00e0 54,8 dollars et un taux de change du dollar \u00e0 575,5 FCFA. Entre 2023 et 2024, l\u2019activit\u00e9 \u00e9conomique resterait dynamique \u00e0 un rythme moyen de 5%. Le secteur p\u00e9trolier connaitrait un regain d\u2019activit\u00e9 avec un taux de croissance moyen de 1,4%. L\u2019inflation serait stable \u00e0 2% et on assisterait \u00e0 une baisse du prix mondial du baril de p\u00e9trole \u00e0 51 dollar en moyenne, avec un taux de change du dollar US moyen \u00e0 570,1 FCFA.<\/p>\n<p><strong>Investir au Cameroun\u00a0: le plaidoyer de la diaspora<\/strong><\/p>\n<p>Selon une \u00e9tude du Programme des Nations Unies pour le d\u00e9veloppement (Pnud) r\u00e9alis\u00e9e en 2017, la diaspora camerounaise a apport\u00e9 au Cameroun, 185 milliards de F Cfa. Des chiffres inf\u00e9rieurs \u00e0 la r\u00e9alit\u00e9 selon le Directeur g\u00e9n\u00e9ral de la Soci\u00e9t\u00e9 immobili\u00e8re du Cameroun (Sic), puisqu\u2019une partie des transactions ne circule pas via les canaux officiels. Toutefois, selon Ahmadou Sardaouna, ces transferts d\u2019argent ne profitent pas au secteur du logement. Plusieurs raisons justifient cette situation : \u00ab lourdeurs administratives, opacit\u00e9 des proc\u00e9dures, syst\u00e8me bancaire peu int\u00e9gr\u00e9, syst\u00e8me de gestion fonci\u00e8re inefficace, escroquerie fonci\u00e8re av\u00e9r\u00e9e, manque de confiance entre les acteurs entre les acteurs de la promotion immobili\u00e8re, insuffisance des investisseurs, ignorance par la diaspora des proc\u00e9dures qui existent etc. \u00bbUne situation sur laquelle la Sic esp\u00e8re influer en mettant sur pied une plateforme diaspora-logement, \u00ab de concert avec les ambassades pour documenter leurs pr\u00e9occupations et les facteurs de localisation des projets \u00e0 r\u00e9aliser et d\u2019accompagnements pour ceux ayant entrepris des constructions \u00bb. Elle entend en outre \u00ab mobiliser la diaspora pour le financement de l\u2019habitat de concert avec le Cfc (Cr\u00e9dit foncier du Cameroun) ou d\u2019autres partenaires nationaux \u00e0 travers des \u00ab Obligations de la diaspora \u00bb.<\/p>\n<p><strong>Propositions de la Maetur<\/strong><\/p>\n<p>La Mission d\u2019am\u00e9nagement et d\u2019\u00e9quipement des terrains urbains et ruraux (Maetur) \u00e9tait \u00e9galement \u00e0 l\u2019Assembl\u00e9e nationale ce jour. Son lot de propositions repose sur un programme entrepris aux c\u00f4t\u00e9s de l\u2019organisme international Onu Habitat. Ces derniers proposent \u00e0 la diaspora : \u00ab la r\u00e9servation d\u2019un ensemble de parcelles pour la diaspora dans les lotissements Maetur ; la cr\u00e9ation de lotissements sp\u00e9cifiques pour la diaspora en fonction de la demande des groupes organis\u00e9s, l\u2019accompagnement des membres de la diaspora dans la s\u00e9curisation juridique de leurs terrains acquis soit aupr\u00e8s de la Maetur, soit aupr\u00e8s des tiers, le partenariat avec des entrepreneurs de la diaspora pour le d\u00e9veloppement des projets divers au Cameroun, la r\u00e9activation des repr\u00e9sentations de la Maetur et la cr\u00e9ation de nouvelles dans certains pays \u00e9trangers h\u00e9bergeant des communaut\u00e9s importantes de Camerounais ; l\u2019am\u00e9lioration des syst\u00e8mes de transfert de fonds et de paiement \u00e9lectronique pour le r\u00e8glement du prix des parcelles ; l\u2019assistance dans la mise en valeur des lots acquis \u00e0 la Maetur, la mise en place d\u2019un bureau (Point focal) diaspora \u00e0 la Maetur \u00bb. Cet organe compte ainsi sur les investissements de la diaspora pour l\u2019aider au cours des 20 prochaines ann\u00e9es \u00e0 atteindre certains de ses objectifs. Notamment l\u2019am\u00e9nagement chaque ann\u00e9e de 6000 hectares de terrains pour produire 125000 parcelles correspondant \u00e0 375000 logements.<\/p>\n<p><strong>Pr\u00eats \u00e0 la diaspora<\/strong><\/p>\n<p>Le Cr\u00e9dit foncier du Cameroun (Cfc) fait partie des acteurs intervenants dans le secteur des domaines et du foncier au Cameroun. Le CFC demande au gouvernement de renforcer ses capacit\u00e9s financi\u00e8res afin de rehausser le taux des pr\u00eats accord\u00e9s \u00e0 la diaspora. \u00ab Depuis 2018, la loi des Finances plafonne le reversement de la contribution au CFC \u00e0 hauteur de 10 milliards de par an, le reste \u00e9tant orient\u00e9 vers de nombreuses sollicitations prioritaires du gouvernement. Or la moyenne annuelle des accords de pr\u00eats du CFC sur la p\u00e9riode allant de 2012 \u00e0 2020 s\u2019\u00e9l\u00e8ve \u00e0 17 milliards de F Cfa dont 1,2 milliards pour la diaspora soit 7,1%. Pour contribuer efficacement au financement des projets immobiliers de la diaspora, il conviendrait de rehausser ce plafond de la contribution \u00e0 reverser au CFC \u00e0 hauteur de 15%\u00bb a plaid\u00e9 le Directeur g\u00e9n\u00e9ral du CFC, Jean Paul Missi.<\/p>\n<p><strong>Terrains et logements<\/strong><\/p>\n<p>La Soci\u00e9t\u00e9 immobili\u00e8re du Cameroun propose d\u00e8s lors \u00e0 la Diaspora des logements et terrains. \u00ab La Sic dispose de r\u00e9serves fonci\u00e8res qui pourraient faire l\u2019objet de nouveaux grands projets de logements sociaux ou de densification. Ces terrains pr\u00e9sentent de nombreux grands avantages car ils poss\u00e8dent des titres de propri\u00e9t\u00e9 et sont peu expos\u00e9s aux litiges fonciers\u2026Forte de ses 69 ans dans le domaine de l\u2019immobilier, la Sic peut conseiller, accompagner sur le plan technique et juridique la diaspora d\u00e9sireuse d\u2019investir dans les logements \u00bb.Ahmadou Sardaouna propose d\u00e8s lors un partenariat entre la Diaspora et la Sic. \u00ab La Diaspora acteur de premier plan a besoin d\u2019\u00eatre rassur\u00e9e. Elle ne doit pas \u00eatre consid\u00e9r\u00e9e seulement comme une source de financement, mais comme un partenaire. L\u2019int\u00e9gration de la diaspora au capital de la Sic et la signature de partenariat Diaspora-public-priv\u00e9 permettront \u00e0 celle-ci non seulement de partager une partie des risques mais surtout les profits de tels investissements \u00bb.<\/p>\n<p><strong>Lire aussi<\/strong> : <strong><a href=\"https:\/\/ecomatin.net\/domaines-et-fonciers-la-diaspora-veut-son-lot-de-terrain\/\">Domaines et fonciers : la Diaspora veut son lot de terrain<\/a><\/strong><\/p>\n<p>En rappel, ce Forum a \u00e9t\u00e9 organis\u00e9 par le R\u00e9seau des parlementaires Diaspora coop\u00e9ration d\u00e9centralis\u00e9e et transfrontali\u00e8re (Rep-Cod). \u00ab Il faudrait que des dispositions de facilitation soient prises dans tous les secteurs d\u2019activit\u00e9 et dans tous les domaines par le gouvernement et qu\u2019elles soient bien expliqu\u00e9es et bien connues de nos compatriotes\u2026Nos compatriotes de la diaspora souhaitent avoir un lopin de terre s\u00e9curis\u00e9 chez eux pour y faire construire qui un logement, une industrie, des bureaux ou un commerce \u00bb a indiqu\u00e9 le pr\u00e9sident de ce R\u00e9seau, l\u2019honorable Louis Henri Ngantcha.<\/p>\n<p>L\u2019article <a rel=\"nofollow\" href=\"https:\/\/ecomatin.net\/assemblee-nationale-le-bilan-de-la-session-parlementaire-de-juin-2021\/\">Assembl\u00e9e nationale : le bilan de la session parlementaire de juin 2021<\/a> est apparu en premier sur <a rel=\"nofollow\" href=\"https:\/\/ecomatin.net\/\">EcoMatin<\/a>.<\/p>\n<\/div>\n<p>Auteur: EcoMatin<br \/>\n<a href=\"https:\/\/ecomatin.net\/assemblee-nationale-le-bilan-de-la-session-parlementaire-de-juin-2021\/\">Cliquez ici pour lire l&rsquo;article depuis sa source.<\/a><\/p>\n","protected":false},"excerpt":{"rendered":"<p>Covidgate\u00a0: le rapport de la Chambre des comptes se fait d\u00e9sirer au parlement Parmi les grands sujets inscrits \u00e0 l\u2019ordre du jour de la deuxi\u00e8me session parlementaire de l\u2019ann\u00e9e \u00e0 l\u2019Assembl\u00e9e nationale, figurait celui sur la pr\u00e9sentation aux d\u00e9put\u00e9s du rapport de la Chambre des comptes sur la gestion controvers\u00e9e du Fonds sp\u00e9cial de solidarit\u00e9 [&hellip;]<\/p>\n","protected":false},"author":1969,"featured_media":0,"comment_status":"closed","ping_status":"closed","sticky":false,"template":"","format":"standard","meta":{"fifu_image_url":"","fifu_image_alt":"","footnotes":""},"categories":[82,78],"tags":[],"class_list":["post-121324","post","type-post","status-publish","format-standard","hentry","category-cameroun","category-economie"],"_links":{"self":[{"href":"https:\/\/linitiative.ca\/International\/wp-json\/wp\/v2\/posts\/121324","targetHints":{"allow":["GET"]}}],"collection":[{"href":"https:\/\/linitiative.ca\/International\/wp-json\/wp\/v2\/posts"}],"about":[{"href":"https:\/\/linitiative.ca\/International\/wp-json\/wp\/v2\/types\/post"}],"author":[{"embeddable":true,"href":"https:\/\/linitiative.ca\/International\/wp-json\/wp\/v2\/users\/1969"}],"replies":[{"embeddable":true,"href":"https:\/\/linitiative.ca\/International\/wp-json\/wp\/v2\/comments?post=121324"}],"version-history":[{"count":0,"href":"https:\/\/linitiative.ca\/International\/wp-json\/wp\/v2\/posts\/121324\/revisions"}],"wp:attachment":[{"href":"https:\/\/linitiative.ca\/International\/wp-json\/wp\/v2\/media?parent=121324"}],"wp:term":[{"taxonomy":"category","embeddable":true,"href":"https:\/\/linitiative.ca\/International\/wp-json\/wp\/v2\/categories?post=121324"},{"taxonomy":"post_tag","embeddable":true,"href":"https:\/\/linitiative.ca\/International\/wp-json\/wp\/v2\/tags?post=121324"}],"curies":[{"name":"wp","href":"https:\/\/api.w.org\/{rel}","templated":true}]}}