{"id":121326,"date":"2021-07-13T13:23:23","date_gmt":"2021-07-13T17:23:23","guid":{"rendered":"https:\/\/linitiative.ca\/International\/consommation-loffice-cerealier-injecte-5000-tonnes-de-cereales-dans-les-marches-du-nord\/"},"modified":"2021-07-13T13:23:23","modified_gmt":"2021-07-13T17:23:23","slug":"consommation-loffice-cerealier-injecte-5000-tonnes-de-cereales-dans-les-marches-du-nord","status":"publish","type":"post","link":"https:\/\/linitiative.ca\/International\/consommation-loffice-cerealier-injecte-5000-tonnes-de-cereales-dans-les-marches-du-nord\/","title":{"rendered":"Consommation : l\u2019office c\u00e9r\u00e9alier injecte 5000 tonnes de c\u00e9r\u00e9ales dans les march\u00e9s du Nord"},"content":{"rendered":"<div>\n<p>Une bouff\u00e9e d\u2019oxyg\u00e8ne pour les populations\u00a0\u00a0du septentrion. Selon des informations relay\u00e9es par la presse locale, le Directeur g\u00e9n\u00e9ral de l\u2019Office C\u00e9r\u00e9alier du Cameroun Mahamadou Gassimou, au terme d\u2019une visite\u00a0\u00a0le 9 juillet dans les magasins de stockage de c\u00e9r\u00e9ales \u00e0 Maroua aurait annonc\u00e9 la mise en vente d\u00e8s cette semaine de 10.000 tonnes de c\u00e9r\u00e9ales sur le march\u00e9. L\u2019objectif \u00e9tant de r\u00e9sorber la p\u00e9nurie qui se dessinait d\u00e9j\u00e0 sur ces produits occasionnant une hausse vertigineuse des prix. Contact\u00e9 par EcoMatin, la structure confirme cette information, mais rejette totalement le volume de c\u00e9r\u00e9ales annonc\u00e9 jusqu\u2019ici. Au lieu de 10.000 tonnes, c\u2019est plut\u00f4t 5000 tonnes de c\u00e9r\u00e9ales qui sont d\u00e9j\u00e0 sur les march\u00e9s, nous confirme le Directeur G\u00e9n\u00e9ral, Mahamadou Gassimou.\u00a0\u00a0Apr\u00e8s Garoua, la campagne va s\u2019\u00e9tendre \u00e0 Maroua et \u00e0\u00a0\u00a0Ngaound\u00e9r\u00e9, dans la r\u00e9gion de l\u2019Adamaoua.<\/p>\n<p>\u00a0Depuis pr\u00e8s de deux semaines, les populations du septentrion sont en proies \u00e0 une flamb\u00e9e des prix des c\u00e9r\u00e9ales (mil et ma\u00efs) tr\u00e8s pris\u00e9es dans cette partie du pays.\u00a0\u00a0Le prix du sac de 100 kilogrammes de ma\u00efs, qui co\u00fbtait 16\u00a0500 FCFA est pass\u00e9 \u00e0 20\u00a0000F, tandis que celui commun\u00e9ment appel\u00e9 L8 est quitt\u00e9 de 20\u00a0000F \u00e0 23\u00a0000F.\u00a0\u00a0Pour ce qui est du mil, le prix du sac de 100 kilogrammes oscille entre 21\u00a0000F et 24\u00a0000F, contre 14\u00a0000 et 15000 FCFA.<\/p>\n<p><strong>Lire aussi<\/strong> : <strong><a href=\"https:\/\/ecomatin.net\/securite-alimentaire-loffice-cerealierr-en-quete-de-financementss-pour-se-ravitailler-a-la-semry\/\">S\u00e9curit\u00e9 alimentaire : l\u2019Office C\u00e9r\u00e9alier en qu\u00eate de financements pour se ravitailler \u00e0 la Semry<\/a><\/strong><\/p>\n<p>Cette hausse se justifie par le fait que\u00a0\u00ab\u00a0les vendeurs ont constat\u00e9 que plusieurs \u00e9trangers vannaient se ravitailler aupr\u00e8s d\u2019eux. Ce sont notamment nos voisins du Nigeria qui viennent acheter en grande quantit\u00e9. Si ce n\u2019\u00e9tait pas le cas, le prix exc\u00e9der 18\u00a0000F ou 19000F\u00a0\u00bb, confie Abdoulaye Ahmadou vendeur de ma\u00efs au march\u00e9 centrale de Garoua. Les Nig\u00e9rians \u00ab\u00a0ach\u00e8tent autant de ma\u00efs, car ils en ont besoin pour la fabrication des boissons et des g\u00e2teaux. Et m\u00eame, ils ont l\u2019habitude de se diriger vers le Cameroun, \u00e0 chaque fois qu\u2019ils sont en p\u00e9nurie\u00bb, poursuit Abdoulaye Ahmadou.\u00a0\u00a0La mise sur les march\u00e9s de ce stock vient ainsi ravir et soulager les m\u00e9nages de cette zone.<\/p>\n<p>Aujourd\u2019hui avec une capacit\u00e9 de\u00a0\u00a047 650 tonnes de c\u00e9r\u00e9ales par an, l\u2019Office C\u00e9r\u00e9alier est confront\u00e9 \u00e0 d\u2019\u00e9normes d\u00e9fis structurels, mais ne dispose\u00a0\u00a0pas du m\u00eame confort financier que d\u2019autres soci\u00e9t\u00e9s de souverainet\u00e9. Il ne jouit pas d\u2019une autonomie financi\u00e8re pouvant lui permettre de planifier ses activit\u00e9s. Pour engager des investissements par exemple, il doit s\u2019en remettre \u00e0 sa tutelle technique qui est le minist\u00e8re de de l\u2019Agriculture et du D\u00e9veloppement Rural (Minader), et pour s\u2019approvisionner en denr\u00e9es, au minist\u00e8re des Finances (Minfi), qui est sa tutelle administrative. Aussi, le nouveau Dg dans a entrepris d\u2019initier des dossiers d\u2019aide de financements aupr\u00e8s de quelques bailleurs de fonds \u00e9trangers, notamment la Banque islamique de d\u00e9veloppement (BID) et le Fonds europ\u00e9en de d\u00e9veloppement (FED), \u00e0 l\u2019effet d\u2019obtenir des fonds n\u00e9cessaires pour l\u2019approvisionnement de l\u2019office. Le budget de la soci\u00e9t\u00e9 au titre de l\u2019exercice 2021 a \u00e9t\u00e9 quasiment doubl\u00e9 et se chiffre \u00e0 4,3 milliards de FCFA.<\/p>\n<p><strong>Lire aussi<\/strong> : <strong><a href=\"https:\/\/ecomatin.net\/4309-milliards-de-fcfa-pour-loffice-cerealier-en-2021\/\">4,309 milliards de Fcfa pour l\u2019Office c\u00e9r\u00e9alier en 2021<\/a><\/strong><\/p>\n<p>L\u2019article <a rel=\"nofollow\" href=\"https:\/\/ecomatin.net\/consommationn-loffice-cerealierr-injecte-5000-tonness-de-cereales-dans-les-marches-du-nord\/\">Consommation : l\u2019office c\u00e9r\u00e9alier injecte 5000 tonnes de c\u00e9r\u00e9ales dans les march\u00e9s du Nord<\/a> est apparu en premier sur <a rel=\"nofollow\" href=\"https:\/\/ecomatin.net\/\">EcoMatin<\/a>.<\/p>\n<\/div>\n<p>Auteur: Amina MALLOUM<br \/>\n<a href=\"https:\/\/ecomatin.net\/consommationn-loffice-cerealierr-injecte-5000-tonness-de-cereales-dans-les-marches-du-nord\/\">Cliquez ici pour lire l&rsquo;article depuis sa source.<\/a><\/p>\n","protected":false},"excerpt":{"rendered":"<p>Une bouff\u00e9e d\u2019oxyg\u00e8ne pour les populations\u00a0\u00a0du septentrion. Selon des informations relay\u00e9es par la presse locale, le Directeur g\u00e9n\u00e9ral de l\u2019Office C\u00e9r\u00e9alier du Cameroun Mahamadou Gassimou, au terme d\u2019une visite\u00a0\u00a0le 9 juillet dans les magasins de stockage de c\u00e9r\u00e9ales \u00e0 Maroua aurait annonc\u00e9 la mise en vente d\u00e8s cette semaine de 10.000 tonnes de c\u00e9r\u00e9ales sur [&hellip;]<\/p>\n","protected":false},"author":1969,"featured_media":0,"comment_status":"closed","ping_status":"closed","sticky":false,"template":"","format":"standard","meta":{"fifu_image_url":"","fifu_image_alt":"","footnotes":""},"categories":[82,78],"tags":[],"class_list":["post-121326","post","type-post","status-publish","format-standard","hentry","category-cameroun","category-economie"],"_links":{"self":[{"href":"https:\/\/linitiative.ca\/International\/wp-json\/wp\/v2\/posts\/121326","targetHints":{"allow":["GET"]}}],"collection":[{"href":"https:\/\/linitiative.ca\/International\/wp-json\/wp\/v2\/posts"}],"about":[{"href":"https:\/\/linitiative.ca\/International\/wp-json\/wp\/v2\/types\/post"}],"author":[{"embeddable":true,"href":"https:\/\/linitiative.ca\/International\/wp-json\/wp\/v2\/users\/1969"}],"replies":[{"embeddable":true,"href":"https:\/\/linitiative.ca\/International\/wp-json\/wp\/v2\/comments?post=121326"}],"version-history":[{"count":0,"href":"https:\/\/linitiative.ca\/International\/wp-json\/wp\/v2\/posts\/121326\/revisions"}],"wp:attachment":[{"href":"https:\/\/linitiative.ca\/International\/wp-json\/wp\/v2\/media?parent=121326"}],"wp:term":[{"taxonomy":"category","embeddable":true,"href":"https:\/\/linitiative.ca\/International\/wp-json\/wp\/v2\/categories?post=121326"},{"taxonomy":"post_tag","embeddable":true,"href":"https:\/\/linitiative.ca\/International\/wp-json\/wp\/v2\/tags?post=121326"}],"curies":[{"name":"wp","href":"https:\/\/api.w.org\/{rel}","templated":true}]}}