{"id":121327,"date":"2021-07-13T14:07:18","date_gmt":"2021-07-13T18:07:18","guid":{"rendered":"https:\/\/linitiative.ca\/International\/jacques-yves-mbelle-ndoe-est-le-nouveau-pca-de-la-cimencam\/"},"modified":"2021-07-13T14:07:18","modified_gmt":"2021-07-13T18:07:18","slug":"jacques-yves-mbelle-ndoe-est-le-nouveau-pca-de-la-cimencam","status":"publish","type":"post","link":"https:\/\/linitiative.ca\/International\/jacques-yves-mbelle-ndoe-est-le-nouveau-pca-de-la-cimencam\/","title":{"rendered":"Jacques Yves Mbelle Ndoe est le nouveau PCA de la Cimencam"},"content":{"rendered":"<div>\n<p>Une nouvelle page s\u2019ouvre pour les Cimenteries du Cameroun (Cimencam).\u00a0Jacques Yves Mbelle Ndoeb est \u00e0 compter de cette date le pr\u00e9sident du Conseil d\u2019administration de la filiale locale du groupe LafargeHolcin. Il remplace \u00e0 ce poste \u00a0Pierre Moukoko Mbonjo. C\u2019est ce 13 juillet qu\u2019il a officiellement \u00e9t\u00e9 install\u00e9 par le ministre des Mines,\u00a0 de l\u2019Industrie et du D\u00e9veloppement Technologique(Minmidt) Gabriel Dodo Ndoke.\u00a0\u00ab Le Docteur Jacques Yves Mbelle Ndoe\u00a0 \u00e9tait jusqu\u2019\u00e0 ce jour repr\u00e9sentant de la PRC dans ledit Conseil,\u00a0 il remplace \u00e0 ce poste le Professeur Pierre Moukoko Mbonjo\u00a0\u00bb, indique les services de ce d\u00e9partement minist\u00e9riel.<\/p>\n<p>Notons que la\u00a0\u00a0Cimencam revendique une place de leader du march\u00e9 camerounais avec une production chiffr\u00e9e \u00e0 2,2 millions de tonnes par an en 2019. La filiale du groupe LafargeHolcim\u00a0\u00a0est suivie de Dangote (1,5 million de tonnes), des Cimenteries d\u2019Afrique (500 000 tonnes) et de Mecdem (200 000 tonnes).<\/p>\n<p><strong>Nous y reviendrons !<\/strong><\/p>\n<p>L\u2019article <a rel=\"nofollow\" href=\"https:\/\/ecomatin.net\/jacques-yves-mbelle-ndoe-est-le-nouveau-pca-de-la-cimencam\/\">Jacques Yves Mbelle Ndoe est le nouveau PCA de la Cimencam<\/a> est apparu en premier sur <a rel=\"nofollow\" href=\"https:\/\/ecomatin.net\/\">EcoMatin<\/a>.<\/p>\n<\/div>\n<p>Auteur: Amina MALLOUM<br \/>\n<a href=\"https:\/\/ecomatin.net\/jacques-yves-mbelle-ndoe-est-le-nouveau-pca-de-la-cimencam\/\">Cliquez ici pour lire l&rsquo;article depuis sa source.<\/a><\/p>\n","protected":false},"excerpt":{"rendered":"<p>Une nouvelle page s\u2019ouvre pour les Cimenteries du Cameroun (Cimencam).\u00a0Jacques Yves Mbelle Ndoeb est \u00e0 compter de cette date le pr\u00e9sident du Conseil d\u2019administration de la filiale locale du groupe LafargeHolcin. Il remplace \u00e0 ce poste \u00a0Pierre Moukoko Mbonjo. C\u2019est ce 13 juillet qu\u2019il a officiellement \u00e9t\u00e9 install\u00e9 par le ministre des Mines,\u00a0 de l\u2019Industrie [&hellip;]<\/p>\n","protected":false},"author":1969,"featured_media":0,"comment_status":"closed","ping_status":"closed","sticky":false,"template":"","format":"standard","meta":{"fifu_image_url":"","fifu_image_alt":"","footnotes":""},"categories":[82,78],"tags":[],"class_list":["post-121327","post","type-post","status-publish","format-standard","hentry","category-cameroun","category-economie"],"_links":{"self":[{"href":"https:\/\/linitiative.ca\/International\/wp-json\/wp\/v2\/posts\/121327","targetHints":{"allow":["GET"]}}],"collection":[{"href":"https:\/\/linitiative.ca\/International\/wp-json\/wp\/v2\/posts"}],"about":[{"href":"https:\/\/linitiative.ca\/International\/wp-json\/wp\/v2\/types\/post"}],"author":[{"embeddable":true,"href":"https:\/\/linitiative.ca\/International\/wp-json\/wp\/v2\/users\/1969"}],"replies":[{"embeddable":true,"href":"https:\/\/linitiative.ca\/International\/wp-json\/wp\/v2\/comments?post=121327"}],"version-history":[{"count":0,"href":"https:\/\/linitiative.ca\/International\/wp-json\/wp\/v2\/posts\/121327\/revisions"}],"wp:attachment":[{"href":"https:\/\/linitiative.ca\/International\/wp-json\/wp\/v2\/media?parent=121327"}],"wp:term":[{"taxonomy":"category","embeddable":true,"href":"https:\/\/linitiative.ca\/International\/wp-json\/wp\/v2\/categories?post=121327"},{"taxonomy":"post_tag","embeddable":true,"href":"https:\/\/linitiative.ca\/International\/wp-json\/wp\/v2\/tags?post=121327"}],"curies":[{"name":"wp","href":"https:\/\/api.w.org\/{rel}","templated":true}]}}