{"id":121328,"date":"2021-07-14T08:00:19","date_gmt":"2021-07-14T12:00:19","guid":{"rendered":"https:\/\/linitiative.ca\/International\/destinees-aux-voitures-electriques-ismart-lancement-de-la-fabrication-des-bornes-de-recharge-100-marocaines\/"},"modified":"2021-07-14T08:00:19","modified_gmt":"2021-07-14T12:00:19","slug":"destinees-aux-voitures-electriques-ismart-lancement-de-la-fabrication-des-bornes-de-recharge-100-marocaines","status":"publish","type":"post","link":"https:\/\/linitiative.ca\/International\/destinees-aux-voitures-electriques-ismart-lancement-de-la-fabrication-des-bornes-de-recharge-100-marocaines\/","title":{"rendered":"Destin\u00e9es aux voitures \u00e9lectriques \/ iSmart\u00a0: Lancement de la fabrication  des bornes de recharge 100% marocaines"},"content":{"rendered":"<div>\n<p><img decoding=\"async\" width=\"300\" height=\"153\" src=\"https:\/\/linitiative.ca\/International\/wp-content\/uploads\/sites\/23\/2021\/07\/Lancement-de-la-fabrication-des-bornes-de-recharge-100-marocaines-300x153-1.jpg\" class=\"attachment-medium size-medium wp-post-image\" alt=\"\" loading=\"lazy\" srcset=\"\/\/aujourdhui.ma\/wp-content\/uploads\/2021\/07\/Lancement-de-la-fabrication-des-bornes-de-recharge-100-marocaines-300x153.jpg 300w, \/\/aujourdhui.ma\/wp-content\/uploads\/2021\/07\/Lancement-de-la-fabrication-des-bornes-de-recharge-100-marocaines-274x140.jpg 274w, \/\/aujourdhui.ma\/wp-content\/uploads\/2021\/07\/Lancement-de-la-fabrication-des-bornes-de-recharge-100-marocaines.jpg 746w, \/\/aujourdhui.ma\/wp-content\/uploads\/2021\/07\/Lancement-de-la-fabrication-des-bornes-de-recharge-100-marocaines-165x84.jpg 165w, \/\/aujourdhui.ma\/wp-content\/uploads\/2021\/07\/Lancement-de-la-fabrication-des-bornes-de-recharge-100-marocaines-702x358.jpg 702w\" sizes=\"auto, (max-width: 300px) 100vw, 300px\"><\/p>\n<p><span style=\"color: #800000;\"><strong>Bonne nouvelle pour la mobilit\u00e9 durable au Maroc.<\/strong><\/span><span id=\"more-381645\"><\/span><\/p>\n<p>En effet, une nouvelle ligne de production de bornes de recharge pour v\u00e9hicules \u00e9lectriques vient de voir le jour dans le pays. Dans ce sens, le Green Energy Park a organis\u00e9 lundi 12 juillet 2021 \u00e0 Benguerir la c\u00e9r\u00e9monie officielle d\u2019inauguration de ce projet r\u00e9alis\u00e9 par des comp\u00e9tences marocaines. D\u2019une teneur hautement strat\u00e9gique pour le Maroc, cette nouvelle \u00e9tape repr\u00e9sente l\u2019une des composantes importantes de l\u2019infrastructure de la mobilit\u00e9 durable. \u00abInnovation 100% marocaine, iSmart est une nouvelle g\u00e9n\u00e9ration de bornes de recharge intelligentes \u00e0 usage professionnel et domestique. Soutenue par le minist\u00e8re de l\u2019\u00e9nergie, des mines et de l\u2019environnement et le minist\u00e8re de l\u2019industrie, du commerce et de l\u2019\u00e9conomie verte et num\u00e9rique, cette borne de recharge est le fruit d\u2019un projet de recherche d\u00e9velopp\u00e9 par le Green Energy Park (IRESEN \u2013 UM6P), conjointement avec l\u2019entreprise marocaine EDEEP, pour r\u00e9pondre aux enjeux de la mobilit\u00e9 \u00e9lectrique\u00bb, rel\u00e8vent les r\u00e9alisateurs de ce projet pr\u00e9cisant que la ligne de production iSmart install\u00e9e \u00e0 Benguerir permet l\u2019assemblage de plusieurs composants, fabriqu\u00e9s par des entreprises marocaines partenaires.<\/p>\n<p>Constitu\u00e9e de diff\u00e9rents postes industriels et \u00e9quip\u00e9e de technologie de pointe, cette ligne de production va contribuer \u00e0 la production de la borne iSmart et servira \u00e9galement au prototypage, \u00e0 la pr\u00e9-industrialisation et \u00e0 l\u2019industrialisation de nouveaux produits technologiques. \u00abFruit de la valorisation et de la recherche, cette ligne de production permettra de g\u00e9n\u00e9rer la premi\u00e8re ann\u00e9e une vingtaine d\u2019emplois directs au niveau de Benguerir ainsi que plus d\u2019une centaine d\u2019emplois indirects \u00e0 travers l\u2019\u00e9cosyst\u00e8me qui a \u00e9t\u00e9 cr\u00e9\u00e9 avec diff\u00e9rents industriels marocains dans les secteurs de l\u2019\u00e9lectronique, de la m\u00e9canique et de la distribution\u00bb, indique la m\u00eame source.<\/p>\n<div class=\"mom_images_grid mom_images_3_cols\">\n<ul class=\"galleryslider\">\n<li class=\"first\"><a href=\"https:\/\/aujourdhui.ma\/wp-content\/uploads\/2021\/07\/213699071_10226375393678335_6033641875105797975_n.jpg\" data-title=\"\" title=\"213699071_10226375393678335_6033641875105797975_n\"><img decoding=\"async\" alt=\"213699071_10226375393678335_6033641875105797975_n\" src=\"https:\/\/linitiative.ca\/International\/wp-content\/uploads\/sites\/23\/2021\/07\/213699071_10226375393678335_6033641875105797975_n-746x380-1.jpg\"><\/a><\/li>\n<li class=\"\"><a href=\"https:\/\/aujourdhui.ma\/wp-content\/uploads\/2021\/07\/216969143_10226375382558057_2611018044433907240_n.jpg\" data-title=\"\" title=\"216969143_10226375382558057_2611018044433907240_n\"><img decoding=\"async\" alt=\"216969143_10226375382558057_2611018044433907240_n\" src=\"https:\/\/linitiative.ca\/International\/wp-content\/uploads\/sites\/23\/2021\/07\/216969143_10226375382558057_2611018044433907240_n-746x380-1.jpg\"><\/a><\/li>\n<li class=\"last\"><a href=\"https:\/\/aujourdhui.ma\/wp-content\/uploads\/2021\/07\/217139607_10226375383478080_3387146811792543902_n.jpg\" data-title=\"\" title=\"217139607_10226375383478080_3387146811792543902_n\"><img decoding=\"async\" alt=\"217139607_10226375383478080_3387146811792543902_n\" src=\"https:\/\/linitiative.ca\/International\/wp-content\/uploads\/sites\/23\/2021\/07\/217139607_10226375383478080_3387146811792543902_n-746x380-1.jpg\"><\/a><\/li>\n<li class=\"first\"><a href=\"https:\/\/aujourdhui.ma\/wp-content\/uploads\/2021\/07\/217408855_10226375384918116_2782066812621449481_n.jpg\" data-title=\"\" title=\"217408855_10226375384918116_2782066812621449481_n\"><img decoding=\"async\" alt=\"217408855_10226375384918116_2782066812621449481_n\" src=\"https:\/\/linitiative.ca\/International\/wp-content\/uploads\/sites\/23\/2021\/07\/217408855_10226375384918116_2782066812621449481_n-746x380-1.jpg\"><\/a><\/li>\n<\/ul>\n<\/div>\n<div class=\"base-box mom_box_sc_custom mom_box_sc clear\" style=\"-moz-border-radius: 5px; border-radius: 5px;background-color:#fddeef;\">\n<p><strong><span style=\"color: #800000;\">Propos\u00e9e \u00e0 partir<\/span> de 9.500 DH<\/strong><\/p>\n<p>La capacit\u00e9 de production pr\u00e9vue de cette nouvelle ligne est de 300 bornes par mois. Ce projet permettra d\u2019assurer la production des pr\u00e9commandes et ambitionne \u00e0 travers son extension d\u2019achever une production annuelle de 5.000 bornes \u00e0 partir de fin 2022. \u00abCette solution innovante est adapt\u00e9e aux besoins du march\u00e9 marocain et africain. Elle permettra de garantir une multitude de services aux utilisateurs des v\u00e9hicules \u00e9lectriques et sera propos\u00e9e \u00e0 un prix de vente \u00e0 partir de 9.500,00 MAD\u00bb, souligne Iresen. Il faut dire que ce projet soutient la d\u00e9carbonisation du secteur de la mobilit\u00e9, l\u2019int\u00e9gration industrielle et accompagnera les entreprises ainsi que les particuliers. Notons que la pr\u00e9commande de la borne iSmart est disponible en ligne \u00e0 partir du lien suivant\u00a0: www.i-smart.ma.<\/p>\n<\/div>\n<p>\u00a0<\/p>\n<\/div>\n<p>Auteur: ALM<br \/>\n<a href=\"https:\/\/aujourdhui.ma\/automobile\/destinees-aux-voitures-electriques-ismart-lancement-de-la-fabrication-des-bornes-de-recharge-100-marocaines\">Cliquez ici pour lire l&rsquo;article depuis sa source.<\/a><\/p>\n","protected":false},"excerpt":{"rendered":"<p>Bonne nouvelle pour la mobilit\u00e9 durable au Maroc. En effet, une nouvelle ligne de production de bornes de recharge pour v\u00e9hicules \u00e9lectriques vient de voir le jour dans le pays. Dans ce sens, le Green Energy Park a organis\u00e9 lundi 12 juillet 2021 \u00e0 Benguerir la c\u00e9r\u00e9monie officielle d\u2019inauguration de ce projet r\u00e9alis\u00e9 par des [&hellip;]<\/p>\n","protected":false},"author":1759,"featured_media":0,"comment_status":"closed","ping_status":"closed","sticky":false,"template":"","format":"standard","meta":{"fifu_image_url":"https:\/\/aujourdhui.ma\/wp-content\/uploads\/2021\/07\/Lancement-de-la-fabrication-des-bornes-de-recharge-100-marocaines-300x153.jpg","fifu_image_alt":"Destin\u00e9es aux voitures \u00e9lectriques \/ iSmart\u00a0: Lancement de la fabrication  des bornes de recharge 100% marocaines","footnotes":""},"categories":[73,54],"tags":[],"class_list":["post-121328","post","type-post","status-publish","format-standard","hentry","category-actualite","category-maroc"],"_links":{"self":[{"href":"https:\/\/linitiative.ca\/International\/wp-json\/wp\/v2\/posts\/121328","targetHints":{"allow":["GET"]}}],"collection":[{"href":"https:\/\/linitiative.ca\/International\/wp-json\/wp\/v2\/posts"}],"about":[{"href":"https:\/\/linitiative.ca\/International\/wp-json\/wp\/v2\/types\/post"}],"author":[{"embeddable":true,"href":"https:\/\/linitiative.ca\/International\/wp-json\/wp\/v2\/users\/1759"}],"replies":[{"embeddable":true,"href":"https:\/\/linitiative.ca\/International\/wp-json\/wp\/v2\/comments?post=121328"}],"version-history":[{"count":0,"href":"https:\/\/linitiative.ca\/International\/wp-json\/wp\/v2\/posts\/121328\/revisions"}],"wp:attachment":[{"href":"https:\/\/linitiative.ca\/International\/wp-json\/wp\/v2\/media?parent=121328"}],"wp:term":[{"taxonomy":"category","embeddable":true,"href":"https:\/\/linitiative.ca\/International\/wp-json\/wp\/v2\/categories?post=121328"},{"taxonomy":"post_tag","embeddable":true,"href":"https:\/\/linitiative.ca\/International\/wp-json\/wp\/v2\/tags?post=121328"}],"curies":[{"name":"wp","href":"https:\/\/api.w.org\/{rel}","templated":true}]}}