{"id":121334,"date":"2021-07-14T08:54:32","date_gmt":"2021-07-14T12:54:32","guid":{"rendered":"https:\/\/linitiative.ca\/International\/presentation-a-rabat-du-projet-de-mise-en-valeur-du-site-de-sijilmassa\/"},"modified":"2021-07-14T08:54:32","modified_gmt":"2021-07-14T12:54:32","slug":"presentation-a-rabat-du-projet-de-mise-en-valeur-du-site-de-sijilmassa","status":"publish","type":"post","link":"https:\/\/linitiative.ca\/International\/presentation-a-rabat-du-projet-de-mise-en-valeur-du-site-de-sijilmassa\/","title":{"rendered":"Pr\u00e9sentation \u00e0 Rabat du projet de mise  en valeur du site de Sijilmassa"},"content":{"rendered":"<div>\n<p><img decoding=\"async\" width=\"300\" height=\"153\" src=\"https:\/\/linitiative.ca\/International\/wp-content\/uploads\/sites\/23\/2021\/07\/mise-en-valeur-du-Site-de-Sijilm_C3_A2sa-1-504x300-1-300x153-1.jpg\" class=\"attachment-medium size-medium wp-post-image\" alt=\"\" loading=\"lazy\" srcset=\"\/\/aujourdhui.ma\/wp-content\/uploads\/2021\/07\/mise-en-valeur-du-Site-de-Sijilm_C3_A2sa-1-504x300-1-300x153.jpg 300w, \/\/aujourdhui.ma\/wp-content\/uploads\/2021\/07\/mise-en-valeur-du-Site-de-Sijilm_C3_A2sa-1-504x300-1-274x140.jpg 274w, \/\/aujourdhui.ma\/wp-content\/uploads\/2021\/07\/mise-en-valeur-du-Site-de-Sijilm_C3_A2sa-1-504x300-1.jpg 746w, \/\/aujourdhui.ma\/wp-content\/uploads\/2021\/07\/mise-en-valeur-du-Site-de-Sijilm_C3_A2sa-1-504x300-1-165x84.jpg 165w, \/\/aujourdhui.ma\/wp-content\/uploads\/2021\/07\/mise-en-valeur-du-Site-de-Sijilm_C3_A2sa-1-504x300-1-702x358.jpg 702w\" sizes=\"auto, (max-width: 300px) 100vw, 300px\"><\/p>\n<p><span style=\"color: #800000;\"><strong>Le projet de mise en valeur du site de Sijilmassa a \u00e9t\u00e9 pr\u00e9sent\u00e9 r\u00e9cemment \u00e0 Rabat, \u00e0 travers le lancement d\u2019un appel \u00e0 manifestation d\u2019int\u00e9r\u00eat international visant \u00e0 promouvoir la recherche arch\u00e9ologique, la sauvegarde et la valorisation du patrimoine culturel.<\/strong> <\/span><span id=\"more-381667\"><\/span><\/p>\n<p>S\u2019inscrivant dans le cadre des orientations strat\u00e9giques du minist\u00e8re de la culture, de la jeunesse et des sports, cet appel \u00e0 manifestation d\u2019int\u00e9r\u00eat vise \u00e0 mettre en \u0153uvre les Hautes Instructions Royales, appelant \u00e0 la pr\u00e9servation de l\u2019identit\u00e9 et de l\u2019exception culturelles du Maroc et du capital patrimonial. Dans son allocution \u00e0 l\u2019occasion de cette rencontre, le secr\u00e9taire g\u00e9n\u00e9ral du d\u00e9partement de la culture, Abdel-ilah Afifi, a relev\u00e9 que cette importante initiative autour d\u2019un site \u00abparticulier\u00bb, celui de Sijilmassa, se veut un moyen pour sa valorisation, tant au niveau scientifique qu\u2019arch\u00e9ologique, ainsi que sa r\u00e9habilitation en vue de lui redonner la place qui est la sienne. Pour sa part, l\u2019ambassadeur de France \u00e0 Rabat, H\u00e9l\u00e8ne Le Gal, a indiqu\u00e9 que le Maroc et la France travaillent ensemble sur le sujet des fouilles arch\u00e9ologiques, \u00e0 travers notamment le Centre Jacques Berque, bas\u00e9 \u00e0 Rabat, en collaboration avec des chercheurs marocains. De son c\u00f4t\u00e9, le directeur de l\u2019Institut national des sciences de l\u2019arch\u00e9ologie et du patrimoine, Abdelouahed Ben-Ncer, a soulign\u00e9 que cet appel \u00e0 manifestation d\u2019int\u00e9r\u00eat international a pour but d\u2019engager la mise en place d\u2019une nouvelle g\u00e9n\u00e9ration de projets de fouilles arch\u00e9ologiques d\u2019envergure dans le site de Sijilmassa.<\/p>\n<\/div>\n<p>Auteur: ALM<br \/>\n<a href=\"https:\/\/aujourdhui.ma\/culture\/presentation-a-rabat-du-projet-de-mise-en-valeur-du-site-de-sijilmassa\">Cliquez ici pour lire l&rsquo;article depuis sa source.<\/a><\/p>\n","protected":false},"excerpt":{"rendered":"<p>Le projet de mise en valeur du site de Sijilmassa a \u00e9t\u00e9 pr\u00e9sent\u00e9 r\u00e9cemment \u00e0 Rabat, \u00e0 travers le lancement d\u2019un appel \u00e0 manifestation d\u2019int\u00e9r\u00eat international visant \u00e0 promouvoir la recherche arch\u00e9ologique, la sauvegarde et la valorisation du patrimoine culturel. S\u2019inscrivant dans le cadre des orientations strat\u00e9giques du minist\u00e8re de la culture, de la jeunesse [&hellip;]<\/p>\n","protected":false},"author":1759,"featured_media":0,"comment_status":"closed","ping_status":"closed","sticky":false,"template":"","format":"standard","meta":{"fifu_image_url":"https:\/\/aujourdhui.ma\/wp-content\/uploads\/2021\/07\/mise-en-valeur-du-Site-de-Sijilm_C3_A2sa-1-504x300-1-300x153.jpg","fifu_image_alt":"Pr\u00e9sentation \u00e0 Rabat du projet de mise  en valeur du site de Sijilmassa","footnotes":""},"categories":[73,54],"tags":[],"class_list":["post-121334","post","type-post","status-publish","format-standard","hentry","category-actualite","category-maroc"],"_links":{"self":[{"href":"https:\/\/linitiative.ca\/International\/wp-json\/wp\/v2\/posts\/121334","targetHints":{"allow":["GET"]}}],"collection":[{"href":"https:\/\/linitiative.ca\/International\/wp-json\/wp\/v2\/posts"}],"about":[{"href":"https:\/\/linitiative.ca\/International\/wp-json\/wp\/v2\/types\/post"}],"author":[{"embeddable":true,"href":"https:\/\/linitiative.ca\/International\/wp-json\/wp\/v2\/users\/1759"}],"replies":[{"embeddable":true,"href":"https:\/\/linitiative.ca\/International\/wp-json\/wp\/v2\/comments?post=121334"}],"version-history":[{"count":0,"href":"https:\/\/linitiative.ca\/International\/wp-json\/wp\/v2\/posts\/121334\/revisions"}],"wp:attachment":[{"href":"https:\/\/linitiative.ca\/International\/wp-json\/wp\/v2\/media?parent=121334"}],"wp:term":[{"taxonomy":"category","embeddable":true,"href":"https:\/\/linitiative.ca\/International\/wp-json\/wp\/v2\/categories?post=121334"},{"taxonomy":"post_tag","embeddable":true,"href":"https:\/\/linitiative.ca\/International\/wp-json\/wp\/v2\/tags?post=121334"}],"curies":[{"name":"wp","href":"https:\/\/api.w.org\/{rel}","templated":true}]}}