{"id":121338,"date":"2021-07-14T10:00:22","date_gmt":"2021-07-14T14:00:22","guid":{"rendered":"https:\/\/linitiative.ca\/International\/tourne-vers-la-mobilite-intelligente-africa-motors-lance-seres-au-maroc\/"},"modified":"2021-07-14T10:00:22","modified_gmt":"2021-07-14T14:00:22","slug":"tourne-vers-la-mobilite-intelligente-africa-motors-lance-seres-au-maroc","status":"publish","type":"post","link":"https:\/\/linitiative.ca\/International\/tourne-vers-la-mobilite-intelligente-africa-motors-lance-seres-au-maroc\/","title":{"rendered":"Tourn\u00e9 vers la mobilit\u00e9 intelligente  : Africa Motors lance SERES au Maroc"},"content":{"rendered":"<div>\n<p><img decoding=\"async\" width=\"300\" height=\"153\" src=\"https:\/\/linitiative.ca\/International\/wp-content\/uploads\/sites\/23\/2021\/07\/Africa-Motors-lance-SERES-au-Maroc-300x153-1.jpg\" class=\"attachment-medium size-medium wp-post-image\" alt=\"\" loading=\"lazy\" srcset=\"\/\/aujourdhui.ma\/wp-content\/uploads\/2021\/07\/Africa-Motors-lance-SERES-au-Maroc-300x153.jpg 300w, \/\/aujourdhui.ma\/wp-content\/uploads\/2021\/07\/Africa-Motors-lance-SERES-au-Maroc-274x140.jpg 274w, \/\/aujourdhui.ma\/wp-content\/uploads\/2021\/07\/Africa-Motors-lance-SERES-au-Maroc.jpg 746w, \/\/aujourdhui.ma\/wp-content\/uploads\/2021\/07\/Africa-Motors-lance-SERES-au-Maroc-165x84.jpg 165w, \/\/aujourdhui.ma\/wp-content\/uploads\/2021\/07\/Africa-Motors-lance-SERES-au-Maroc-702x358.jpg 702w\" sizes=\"auto, (max-width: 300px) 100vw, 300px\"><\/p>\n<p><span style=\"color: #800000;\"><strong>Africa Motors d\u00e9marre ce deuxi\u00e8me semestre 2021 en force. En effet, la filiale du Groupe Auto Hall a lanc\u00e9 \u00e0 Casablanca la marque automobile SERES au Maroc. Lors de cet \u00e9v\u00e9nement, DFSK a inaugur\u00e9 son Africa Marketing &amp; Service Center. L\u2019occasion \u00e9tait \u00e9galement pour Africa Motors et DFSK de pr\u00e9senter leur ambition de conqu\u00e9rir le march\u00e9 automobile africain.<\/strong><\/span><span id=\"more-381652\"><\/span><\/p>\n<p><span style=\"color: #ff0000;\"><strong>Investir le march\u00e9 africain <\/strong><\/span><\/p>\n<p>\u00abAujourd\u2019hui, notre coop\u00e9ration strat\u00e9gique avec notre partenaire chinois DFSK franchit une \u00e9tape importante avec, d\u2019une part, l\u2019inauguration d\u2019\u00abAfrica Marketing and Service Center\u00bb qui constitue une installation mod\u00e8le de la marque DFSK et contribue \u00e0 tisser un lien entre la base DFSK Maroc et le reste des distributeurs en Afrique pour la vente, le service et la formation. D\u2019autre part, cet \u00e9v\u00e9nement est tout aussi important puisqu\u2019il s\u2019agit du lancement en avant-premi\u00e8re au Maroc de la gamme de la voiture \u00e9lectrique SERES. C\u2019est pour nous une fiert\u00e9 d\u2019avoir \u00e9t\u00e9 choisis par DFSK afin de pr\u00e9parer la transition technologique et l\u2019avenir de sa voiture \u00e9lectrique SERES, faisant ainsi de Casablanca une plateforme r\u00e9gionale\u00bb, explique Abdellah El Mouadden, directeur g\u00e9n\u00e9ral d\u2019Africa Motors, filiale du groupe Auto Hall. En inaugurant son Africa Marketing &amp; Service Center \u00e0 Casablanca, le groupe chinois et son partenaire Africa Motors comptent investir le march\u00e9 africain avec une offre automobile orient\u00e9e vers le futur. Le franchissement de cette \u00e9tape est le r\u00e9sultat d\u2019un partenariat qui a d\u00e9but\u00e9 en 2014.<\/p>\n<p><a href=\"https:\/\/linitiative.ca\/International\/wp-content\/uploads\/sites\/23\/2021\/07\/ARCH0068-scaled-1.jpg\"><img decoding=\"async\" loading=\"lazy\" class=\"alignnone size-full wp-image-381654\" src=\"https:\/\/linitiative.ca\/International\/wp-content\/uploads\/sites\/23\/2021\/07\/ARCH0068-scaled-1.jpg\" alt=\"\" width=\"1707\" height=\"2560\" srcset=\"\/\/aujourdhui.ma\/wp-content\/uploads\/2021\/07\/ARCH0068-scaled.jpg 1707w, \/\/aujourdhui.ma\/wp-content\/uploads\/2021\/07\/ARCH0068-200x300.jpg 200w, \/\/aujourdhui.ma\/wp-content\/uploads\/2021\/07\/ARCH0068-683x1024.jpg 683w, \/\/aujourdhui.ma\/wp-content\/uploads\/2021\/07\/ARCH0068-768x1152.jpg 768w, \/\/aujourdhui.ma\/wp-content\/uploads\/2021\/07\/ARCH0068-1024x1536.jpg 1024w, \/\/aujourdhui.ma\/wp-content\/uploads\/2021\/07\/ARCH0068-1365x2048.jpg 1365w\" sizes=\"auto, (max-width: 1707px) 100vw, 1707px\"><\/a><br \/>\nDe son c\u00f4t\u00e9 Hamid Benkirane, directeur commercial et marketing d\u2019Africa Motors, souligne que ce succ\u00e8s est attribu\u00e9 \u00abaux efforts consid\u00e9rables qu\u2019Africa Motors et le groupe Auto Hall ont d\u00e9ploy\u00e9s en proposant aux consommateurs marocains des produits de qualit\u00e9 adapt\u00e9s \u00e0 leurs besoins et \u00e0 des prix d\u00e9fiant toute concurrence. Et cela, aussi bien pour les v\u00e9hicules utilitaires que pour les voitures particuli\u00e8res. Enfin, un service de proximit\u00e9 comptant un r\u00e9seau de plus de 50 succursales s\u2019\u00e9talant sur tout le Royaume a grandement contribu\u00e9 \u00e0 cette r\u00e9ussite\u00bb.<\/p>\n<p>A noter qu\u2019Africa Motors a \u00e9t\u00e9 cr\u00e9\u00e9e en 2015 afin de d\u00e9velopper l\u2019activit\u00e9 d\u2019Auto Hall avec la Chine. Cette entreprise a \u00e9tabli, en 2019, un partenariat strat\u00e9gique avec DongFeng, un des plus grands fabricants automobiles de la r\u00e9publique. Le choix de DongFeng, qui s\u2019est port\u00e9 sur Africa Motos, a \u00e9t\u00e9 motiv\u00e9 par l\u2019exp\u00e9rience d\u2019Auto Hall dans le secteur du mat\u00e9riel roulant. D\u00e9sormais, Africa Motors est le repr\u00e9sentant exclusif du g\u00e9ant chinois DFSK au Maroc et en Afrique.<\/p>\n<p><span style=\"color: #ff0000;\"><strong>Succ\u00e8s de DFSK au Maroc<\/strong><\/span><\/p>\n<p>Il faut dire que 2020 a \u00e9t\u00e9 pour le g\u00e9ant chinois une ann\u00e9e fructueuse au Maroc puisqu\u2019il a \u00e9t\u00e9 class\u00e9 num\u00e9ro 1 dans le segment du v\u00e9hicule utilitaire l\u00e9ger avec 3.500 unit\u00e9s \u00e9coul\u00e9es. DFSK a aussi fait son entr\u00e9e sur le march\u00e9 des particuliers en lan\u00e7ant, au mois de f\u00e9vrier de l\u2019ann\u00e9e derni\u00e8re, la Glory 580 et la Glory IX5.<\/p>\n<\/div>\n<p>Auteur: ALM<br \/>\n<a href=\"https:\/\/aujourdhui.ma\/automobile\/tourne-vers-la-mobilite-intelligente-africa-motors-lance-seres-au-maroc\">Cliquez ici pour lire l&rsquo;article depuis sa source.<\/a><\/p>\n","protected":false},"excerpt":{"rendered":"<p>Africa Motors d\u00e9marre ce deuxi\u00e8me semestre 2021 en force. En effet, la filiale du Groupe Auto Hall a lanc\u00e9 \u00e0 Casablanca la marque automobile SERES au Maroc. Lors de cet \u00e9v\u00e9nement, DFSK a inaugur\u00e9 son Africa Marketing &amp; Service Center. L\u2019occasion \u00e9tait \u00e9galement pour Africa Motors et DFSK de pr\u00e9senter leur ambition de conqu\u00e9rir le [&hellip;]<\/p>\n","protected":false},"author":1759,"featured_media":0,"comment_status":"closed","ping_status":"closed","sticky":false,"template":"","format":"standard","meta":{"fifu_image_url":"https:\/\/aujourdhui.ma\/wp-content\/uploads\/2021\/07\/Africa-Motors-lance-SERES-au-Maroc-300x153.jpg","fifu_image_alt":"Tourn\u00e9 vers la mobilit\u00e9 intelligente  : Africa Motors lance SERES au Maroc","footnotes":""},"categories":[73,54],"tags":[],"class_list":["post-121338","post","type-post","status-publish","format-standard","hentry","category-actualite","category-maroc"],"_links":{"self":[{"href":"https:\/\/linitiative.ca\/International\/wp-json\/wp\/v2\/posts\/121338","targetHints":{"allow":["GET"]}}],"collection":[{"href":"https:\/\/linitiative.ca\/International\/wp-json\/wp\/v2\/posts"}],"about":[{"href":"https:\/\/linitiative.ca\/International\/wp-json\/wp\/v2\/types\/post"}],"author":[{"embeddable":true,"href":"https:\/\/linitiative.ca\/International\/wp-json\/wp\/v2\/users\/1759"}],"replies":[{"embeddable":true,"href":"https:\/\/linitiative.ca\/International\/wp-json\/wp\/v2\/comments?post=121338"}],"version-history":[{"count":0,"href":"https:\/\/linitiative.ca\/International\/wp-json\/wp\/v2\/posts\/121338\/revisions"}],"wp:attachment":[{"href":"https:\/\/linitiative.ca\/International\/wp-json\/wp\/v2\/media?parent=121338"}],"wp:term":[{"taxonomy":"category","embeddable":true,"href":"https:\/\/linitiative.ca\/International\/wp-json\/wp\/v2\/categories?post=121338"},{"taxonomy":"post_tag","embeddable":true,"href":"https:\/\/linitiative.ca\/International\/wp-json\/wp\/v2\/tags?post=121338"}],"curies":[{"name":"wp","href":"https:\/\/api.w.org\/{rel}","templated":true}]}}