{"id":121350,"date":"2021-07-13T14:00:00","date_gmt":"2021-07-13T18:00:00","guid":{"rendered":"https:\/\/linitiative.ca\/International\/lapre-examen-de-lespagne\/"},"modified":"2021-07-13T14:00:00","modified_gmt":"2021-07-13T18:00:00","slug":"lapre-examen-de-lespagne","status":"publish","type":"post","link":"https:\/\/linitiative.ca\/International\/lapre-examen-de-lespagne\/","title":{"rendered":"L\u2019\u00e2pre examen de l\u2019Espagne !"},"content":{"rendered":"<div>\n<p class=\"has-vivid-cyan-blue-color has-text-color\"><strong>Le remaniement minist\u00e9riel que vient de proc\u00e9der le chef de l\u2019ex\u00e9cutif espagnol sur son \u00e9quipe gouvernementale, aurait sans doute, suscit\u00e9 des r\u00e9actions tant au niveau des intellectuels ib\u00e9riques que de leurs homologues marocains. La tension diplomatique qui monte d\u2019un cran entre leurs pays respectifs, a atteint un seuil quasiment du non retour, compte tenu du reniement criard du hic colport\u00e9 en connivence avec la junte alg\u00e9roise et sa marionnette s\u00e9paratiste, au d\u00e9triment de notre int\u00e9grit\u00e9 territoriale. <\/strong><\/p>\n<p class=\"has-black-color has-text-color\">L\u2019Espagne tente donc de se racheter de cette crise dont elle est responsable aussi bien aux yeux de la communaut\u00e9 universelle qui s\u2019en est indign\u00e9e qu\u2019en interne, \u00e0 travers des voix conspuantes d\u2019une large \u00e9lite p\u00e9ninsulaire. A cet \u00e9gard, elle d\u00e9coche un signe de \u00ab culpabilit\u00e9 \u00bb, en renvoyant se balader sa ministre de la diplomatie qui avait mis de l\u2019huile sur le feu par ses d\u00e9clarations sulfureuses. A peine fut-il install\u00e9 que son successeur s\u2019empresse de \u00abcourtiser\u00bb notre pays, en rappelant la \u00ab grande amiti\u00e9 \u00bb qui contracte, de si loin dans le temps, les nations voisines. Aussi, compte-t-il effectuer sa premi\u00e8re visite officielle dans nos terres, en qu\u00eate \u00a0de la reprise des relations bilat\u00e9rales des deux pays, dans les domaines politique, \u00e9conomique, social et s\u00e9curitaire.<\/p>\n<p class=\"has-black-color has-text-color\">A cet effet, il convient de d\u00e9plorer les \u00e9checs qu\u2019avait essuy\u00e9s l\u2019ancienne ministre des affaires \u00e9trang\u00e8res limog\u00e9e dans ce sens mais \u00e9galement dans d\u2019autres dossiers, tels le diff\u00e9rend s\u00e9cessionniste avec la Catalogne, l\u2019accord commercial \u00a0avec les Etats-Unis et le conflit avec les pays de l\u2019Am\u00e9rique du Sud. Faut-il se fier alors \u00e0 la correction minist\u00e9rielle administr\u00e9e \u00e0 l\u2019\u00e9quipe Pedro Sanchez afin de rem\u00e9dier \u00a0\u00e0 ce bourbier dans lequel elle\u00a0est mise\u00a0? Il est bien \u00e9vident que le Maroc attend de son voisin du nord, non seulement le changement des personnes sur la base de bourdes \u00e9clat\u00e9es par-ci, par-l\u00e0 de tel ou tel d\u00e9cideur, mais d\u2019\u00e9claircissement \u00a0effectif de la position espagnole vis-\u00e0-vis de notre cause nationale. Il est bien vrai \u00e9galement que l\u2019attitude hostile dont le voisin m\u00e9diterran\u00e9en fait montre serait manifestement \u00e0 l\u2019origine des r\u00e9actions l\u00e9gitimes de la part des responsables du Maroc en particulier le retour contourn\u00e9 des MRE des ports \u00e9metteurs de France ou encore du Portugal.<\/p>\n<p class=\"has-black-color has-text-color\">L\u2019Espagne veut donc limiter les d\u00e9g\u00e2ts, d\u2019autant que le repositionnement privil\u00e9gi\u00e9 dans lequel se trouve d\u00e9sormais notre pays, du fait de la position g\u00e9opolitique de choix dont il jouit, draine une nu\u00e9e de sympathie africaine, mais aussi un regain d\u2019int\u00e9r\u00eat\u00a0 des grandes puissances. La p\u00e9ninsule ne se hasarderait nullement \u00e0 se mettre \u00e0 l\u2019\u00e9cart de ces opportunit\u00e9s, puisqu\u2019il s\u2019y estime la plus concern\u00e9e mieux que quiconque, en termes de proximit\u00e9. Du pain sur la planche, par cons\u00e9quent pour le nouveau ministre espagnol qui n\u2019aura pas la t\u00e2che ais\u00e9e \u00e0 persuader ses pairs car il est question d\u2019abord d\u2019expliquer autrement l\u2019intrusion manipul\u00e9e du chef tortionnaire des s\u00e9paratistes sur son sol, la tentative vaine de dissuader la direction am\u00e9ricaine d\u2019apr\u00e8s Trump \u00e0 renoncer \u00e0 la reconnaissance publique de la marocanit\u00e9 du Sahara et la position \u00a0ambigu\u00eb qu\u2019elle ne cesse de pourvoir \u00e0 \u00a0d\u2019entretenir \u00e0 l\u2019\u00e9gard de notre question qui s\u2019octroie l\u2019unanimit\u00e9 nationale. \u00a0\u00a0\u00a0\u00a0\u00a0\u00a0\u00a0\u00a0\u00a0\u00a0\u00a0\u00a0\u00a0\u00a0\u00a0\u00a0\u00a0\u00a0\u00a0\u00a0\u00a0\u00a0\u00a0\u00a0\u00a0\u00a0\u00a0\u00a0\u00a0\u00a0\u00a0\u00a0\u00a0\u00a0\u00a0\u00a0\u00a0\u00a0\u00a0\u00a0\u00a0\u00a0\u00a0\u00a0\u00a0<\/p>\n<p>L\u2019article <a rel=\"nofollow\" href=\"http:\/\/albayane.press.ma\/lapre-examen-de-lespagne.html\">L\u2019\u00e2pre examen de l\u2019Espagne !<\/a> est apparu en premier sur <a rel=\"nofollow\" href=\"http:\/\/albayane.press.ma\/\">ALBAYANE<\/a>.<\/p>\n<\/div>\n<p>Auteur: M&rsquo;hammed rahal<br \/>\n<a href=\"http:\/\/albayane.press.ma\/lapre-examen-de-lespagne.html\">Cliquez ici pour lire l&rsquo;article depuis sa source.<\/a><\/p>\n","protected":false},"excerpt":{"rendered":"<p>Le remaniement minist\u00e9riel que vient de proc\u00e9der le chef de l\u2019ex\u00e9cutif espagnol sur son \u00e9quipe gouvernementale, aurait sans doute, suscit\u00e9 des r\u00e9actions tant au niveau des intellectuels ib\u00e9riques que de leurs homologues marocains. La tension diplomatique qui monte d\u2019un cran entre leurs pays respectifs, a atteint un seuil quasiment du non retour, compte tenu du [&hellip;]<\/p>\n","protected":false},"author":1760,"featured_media":0,"comment_status":"closed","ping_status":"closed","sticky":false,"template":"","format":"standard","meta":{"fifu_image_url":"","fifu_image_alt":"","footnotes":""},"categories":[73,54],"tags":[],"class_list":["post-121350","post","type-post","status-publish","format-standard","hentry","category-actualite","category-maroc"],"_links":{"self":[{"href":"https:\/\/linitiative.ca\/International\/wp-json\/wp\/v2\/posts\/121350","targetHints":{"allow":["GET"]}}],"collection":[{"href":"https:\/\/linitiative.ca\/International\/wp-json\/wp\/v2\/posts"}],"about":[{"href":"https:\/\/linitiative.ca\/International\/wp-json\/wp\/v2\/types\/post"}],"author":[{"embeddable":true,"href":"https:\/\/linitiative.ca\/International\/wp-json\/wp\/v2\/users\/1760"}],"replies":[{"embeddable":true,"href":"https:\/\/linitiative.ca\/International\/wp-json\/wp\/v2\/comments?post=121350"}],"version-history":[{"count":0,"href":"https:\/\/linitiative.ca\/International\/wp-json\/wp\/v2\/posts\/121350\/revisions"}],"wp:attachment":[{"href":"https:\/\/linitiative.ca\/International\/wp-json\/wp\/v2\/media?parent=121350"}],"wp:term":[{"taxonomy":"category","embeddable":true,"href":"https:\/\/linitiative.ca\/International\/wp-json\/wp\/v2\/categories?post=121350"},{"taxonomy":"post_tag","embeddable":true,"href":"https:\/\/linitiative.ca\/International\/wp-json\/wp\/v2\/tags?post=121350"}],"curies":[{"name":"wp","href":"https:\/\/api.w.org\/{rel}","templated":true}]}}