{"id":121351,"date":"2021-07-13T14:00:00","date_gmt":"2021-07-13T18:00:00","guid":{"rendered":"https:\/\/linitiative.ca\/International\/le-temps-un-enjeu-politique-et-economique\/"},"modified":"2021-07-13T14:00:00","modified_gmt":"2021-07-13T18:00:00","slug":"le-temps-un-enjeu-politique-et-economique","status":"publish","type":"post","link":"https:\/\/linitiative.ca\/International\/le-temps-un-enjeu-politique-et-economique\/","title":{"rendered":"Le temps, un enjeu politique et \u00e9conomique"},"content":{"rendered":"<div>\n<p class=\"has-vivid-cyan-blue-color has-text-color\"><strong>Il y a quatre ans j\u2019\u00e9crivais dans une chronique portant sur les conditions de l\u2019\u00e9mergence\u00a0 ce qui suit\u00a0:\u00a0\u00ab\u00a0nous sommes appel\u00e9s \u00e0 changer notre approche du facteur \u00abtemps\u00bb pour le consid\u00e9rer comme un facteur de production et de comp\u00e9titivit\u00e9. Notre attitude \u00e0 l\u2019\u00e9gard du temps, que nous pouvons qualifier sans h\u00e9sitation de r\u00e9trograde, est lourdement co\u00fbteuse : retard dans l\u2019ex\u00e9cution des projets et non-respect des d\u00e9lais sont monnaie courante. L\u2019indiff\u00e9rence par rapport \u00e0 la variable temps est en passe de devenir une v\u00e9ritable gangr\u00e8ne qui risquerait d\u2019an\u00e9antir les efforts accomplis ici et l\u00e0. Nous sommes appel\u00e9s \u00e0 une v\u00e9ritable r\u00e9volution culturelle et une modification de notre comportement pour revoir un certain nombre de st\u00e9r\u00e9otypes et de conformismes ambiants. Le monde change et \u00e9volue \u00e0 vive allure, la terre tourne \u00e0 une vitesse qui s\u2019impose \u00e0 tout le monde et personne ne peut mettre en veille l\u2019horloge de l\u2019histoire. Rattrapons donc notre retard pour renouer avec le progr\u00e8s ! Tel est le gage de la modernit\u00e9.\u00a0\u00bb<\/strong><\/p>\n<p class=\"has-black-color has-text-color\">Cette question demeure enti\u00e8rement\u00a0 pos\u00e9e et pesante alors que le pays s\u2019appr\u00eate \u00e0 organiser les \u00e9lections dans quelques semaines pour injecter, on l\u2019esp\u00e8re, du sang neuf dans ses rouages institutionnels \u00a0et \u00a0huiler davantage sa machine d\u00e9mocratique.\u00a0 Si le temps est apparemment le m\u00eame partout, il n\u2019est pas v\u00e9cu et appr\u00e9hend\u00e9 de la m\u00eame mani\u00e8re dans toutes les \u00e9poques et dans toutes les soci\u00e9t\u00e9s.\u00a0 L\u2019organisation de la vie des gens et de leurs activit\u00e9s n\u2019a jamais \u00e9t\u00e9 ind\u00e9pendante du temps. Dans les soci\u00e9t\u00e9s agraires, par exemple, \u00a0le temps est structur\u00e9 en fonction des saisons et des conditions climatiques.\u00a0 Il est \u00a0par cons\u00e9quent en parfaite harmonie\u00a0 avec les conditions de vie des populations.\u00a0 Et les gens vivaient\u00a0 en ayant dans leur imaginaire l\u2019impression d\u2019avoir\u00a0 plus\u00a0 de temps, \u00e0 tel point qu\u2019ils ne sont jamais press\u00e9s, ni stress\u00e9s.<\/p>\n<p class=\"has-black-color has-text-color\">Dans les soci\u00e9t\u00e9s modernes et \u00e9volu\u00e9es, on assiste \u00e0 une v\u00e9ritable r\u00e9volution dans notre comportement par rapport au temps\u00a0 et qui s\u2019est accentu\u00e9 avec la salarisation et l\u2019introduction du salaire horaire, le calcul \u00e9conomique de la rentabilit\u00e9, le d\u00e9veloppement des techniques de pr\u00e9cision, l\u2019exacerbation de la concurrence entre \u00a0diff\u00e9rents pays et \u00a0\u00a0agents \u00e9conomiques. Cette dynamique\u00a0 concurrentielle a donn\u00e9 lieu \u00e0 la m\u00e9thode\u00a0\u00a0 du \u00ab\u00a0JAT\u00a0\u00bb (juste \u00e0 temps ) qui\u00a0 consiste \u00e0 fournir au client le nombre de produits qu\u2019il demande au moment o\u00f9 il le souhaite, \u00e0 l\u2019endroit d\u00e9sir\u00e9 et dans le standard de qualit\u00e9 et de co\u00fbts fix\u00e9s. Bien s\u00fbr, ce n\u2019est pas le lieu de discuter des bienfaits et des inconv\u00e9nients de cette m\u00e9thode, c\u2019est juste pour marquer le changement qu\u2019elle a introduit\u00a0 en faisant de la variable temps une variable strat\u00e9gique.<\/p>\n<p class=\"has-black-color has-text-color\">En effet, m\u00eame si le temps\u00a0 reste en apparence le m\u00eame\u00a0 dans la mesure o\u00f9 les m\u00eames unit\u00e9s de mesure restent en vigueur, dans le v\u00e9cu et les faits, il n\u2019est plus \u00a0le m\u00eame, pour une raison simple\u00a0: le monde connait beaucoup de changements sur les plans scientifique,\u00a0 technologique et des modes de vie qui en\u00a0 d\u00e9coulent. \u00a0En quelques d\u00e9cennies, le monde a fait plus de d\u00e9couvertes et inventions scientifiques\u00a0 que ce que l\u2019humanit\u00e9 a produit depuis son existence. Qui aurait pens\u00e9 \u00a0que le monde disposerait\u00a0 d\u2019un vaccin contre le covid-19 en\u00a0 quelques mois alors qu\u2019auparavant un vaccin exigeait une p\u00e9riode de 5 ans en moyenne entre sa d\u00e9couverte et sa mise en \u0153uvre effective\u00a0? On assiste \u00e0 une acc\u00e9l\u00e9ration\u00a0 de l\u2019histoire et on a l\u2019impression que les jours,\u00a0 les mois et les ann\u00e9es\u00a0 se d\u00e9roulent devant nos yeux \u00e0 une allure plus rapide qu\u2019avant. D\u2019o\u00f9 la n\u00e9cessit\u00e9 de mettre en musique notre \u00ab\u00a0temps politique\u00a0\u00bb avec le temps r\u00e9el. Le fait que les pays d\u00e9mocratiques ont proc\u00e9d\u00e9 \u00e0 la r\u00e9duction du mandant \u00e9lectoral et m\u00eame du nombre de mandats proc\u00e8de de ce souci\u00a0 d\u2019efficacit\u00e9 pour coller au r\u00e9el qui\u00a0 bouge en permanence.<\/p>\n<p class=\"has-black-color has-text-color\">Notre pays qui a l\u2019ambition et les moyens de devenir un pays \u00e9mergent doit\u00a0 absolument se mettre \u00e0 niveau \u00a0pour relever les d\u00e9fis et lever les obstacles, en \u00e9tant plus r\u00e9actif \u00a0\u00e0 l\u2019environnement \u00e9conomique,\u00a0 social et politique \u00a0en prenant\u00a0 en consid\u00e9ration non le temps biologique mais le\u00a0\u00ab\u00a0temps r\u00e9el\u00a0\u00bb tel que nous l\u2019avions pr\u00e9cis\u00e9\u00a0 pr\u00e9c\u00e9demment.\u00a0 Par exemple,\u00a0 on ne doit pas perdre beaucoup de temps \u00e0 pr\u00e9parer et \u00e0 mettre en \u0153uvre des lois dont on sait \u00e0 l\u2019avance que leur esp\u00e9rance de vie est courte. D\u2019ailleurs, on remarque que des lois d\u2019importance, consid\u00e9r\u00e9es\u00a0\u00a0 structurantes,\u00a0 deviennent\u00a0 obsol\u00e8tes parfois avant m\u00eame leur mise en application.\u00a0 M\u00eame notre loi supr\u00eame n\u2019y \u00e9chappe pas\u00a0: des voix\u00a0 autoris\u00e9es s\u2019\u00e9l\u00e8vent d\u00e9j\u00e0 pour appeler \u00e0 une r\u00e9forme politique \u2013entendu constitutionnelle-\u00a0 alors m\u00eame que l\u2019actuelle constitution reste encore vierge dans certaines \u00a0dispositions. \u00a0Pourtant, le pays a montr\u00e9 au cours des derniers mois comment on peut travailler vite et bien. De m\u00eame, les d\u00e9cisions \u00e0 prendre, sans sacrifier aux pratiques d\u00e9mocratiques et \u00e0 la concertation n\u00e9cessaire, doivent absolument tenir compte du temps. L\u2019offre politique ne doit-elle pas elle aussi ob\u00e9ir au principe de \u00ab\u00a0JAT\u00a0\u00bb\u00a0?<\/p>\n<p class=\"has-black-color has-text-color\">Notre pays doit et peut changer sur ce plan. Il en a les moyens comme il vient de le prouver\u00a0 au cours de ces derni\u00e8res semaines. Ainsi, \u00a0en un temps record,\u00a0 et gr\u00e2ce \u00e0 l\u2019implication et \u00e0 la volont\u00e9 du Souverain, nous avons \u00a0r\u00e9ussi le pari en adoptant \u00a0trois loi- cadre de taille. \u00a0Voil\u00e0 le chemin \u00e0 suivre pour le prochain gouvernement\u00a0!\u00a0<\/p>\n<p>L\u2019article <a rel=\"nofollow\" href=\"http:\/\/albayane.press.ma\/le-temps-un-enjeu-politique-et-economique.html\">Le temps, un enjeu politique et \u00e9conomique<\/a> est apparu en premier sur <a rel=\"nofollow\" href=\"http:\/\/albayane.press.ma\/\">ALBAYANE<\/a>.<\/p>\n<\/div>\n<p>Auteur: M&rsquo;hammed rahal<br \/>\n<a href=\"http:\/\/albayane.press.ma\/le-temps-un-enjeu-politique-et-economique.html\">Cliquez ici pour lire l&rsquo;article depuis sa source.<\/a><\/p>\n","protected":false},"excerpt":{"rendered":"<p>Il y a quatre ans j\u2019\u00e9crivais dans une chronique portant sur les conditions de l\u2019\u00e9mergence\u00a0 ce qui suit\u00a0:\u00a0\u00ab\u00a0nous sommes appel\u00e9s \u00e0 changer notre approche du facteur \u00abtemps\u00bb pour le consid\u00e9rer comme un facteur de production et de comp\u00e9titivit\u00e9. Notre attitude \u00e0 l\u2019\u00e9gard du temps, que nous pouvons qualifier sans h\u00e9sitation de r\u00e9trograde, est lourdement co\u00fbteuse [&hellip;]<\/p>\n","protected":false},"author":1760,"featured_media":0,"comment_status":"closed","ping_status":"closed","sticky":false,"template":"","format":"standard","meta":{"fifu_image_url":"","fifu_image_alt":"","footnotes":""},"categories":[73,54],"tags":[],"class_list":["post-121351","post","type-post","status-publish","format-standard","hentry","category-actualite","category-maroc"],"_links":{"self":[{"href":"https:\/\/linitiative.ca\/International\/wp-json\/wp\/v2\/posts\/121351","targetHints":{"allow":["GET"]}}],"collection":[{"href":"https:\/\/linitiative.ca\/International\/wp-json\/wp\/v2\/posts"}],"about":[{"href":"https:\/\/linitiative.ca\/International\/wp-json\/wp\/v2\/types\/post"}],"author":[{"embeddable":true,"href":"https:\/\/linitiative.ca\/International\/wp-json\/wp\/v2\/users\/1760"}],"replies":[{"embeddable":true,"href":"https:\/\/linitiative.ca\/International\/wp-json\/wp\/v2\/comments?post=121351"}],"version-history":[{"count":0,"href":"https:\/\/linitiative.ca\/International\/wp-json\/wp\/v2\/posts\/121351\/revisions"}],"wp:attachment":[{"href":"https:\/\/linitiative.ca\/International\/wp-json\/wp\/v2\/media?parent=121351"}],"wp:term":[{"taxonomy":"category","embeddable":true,"href":"https:\/\/linitiative.ca\/International\/wp-json\/wp\/v2\/categories?post=121351"},{"taxonomy":"post_tag","embeddable":true,"href":"https:\/\/linitiative.ca\/International\/wp-json\/wp\/v2\/tags?post=121351"}],"curies":[{"name":"wp","href":"https:\/\/api.w.org\/{rel}","templated":true}]}}