{"id":121352,"date":"2021-07-13T14:00:00","date_gmt":"2021-07-13T18:00:00","guid":{"rendered":"https:\/\/linitiative.ca\/International\/apres-le-depart-des-armees-etrangeres-dafghanistanles-talibans-entrent-en-scene\/"},"modified":"2021-07-13T14:00:00","modified_gmt":"2021-07-13T18:00:00","slug":"apres-le-depart-des-armees-etrangeres-dafghanistanles-talibans-entrent-en-scene","status":"publish","type":"post","link":"https:\/\/linitiative.ca\/International\/apres-le-depart-des-armees-etrangeres-dafghanistanles-talibans-entrent-en-scene\/","title":{"rendered":"Apr\u00e8s le d\u00e9part des arm\u00e9es \u00e9trang\u00e8res d\u2019Afghanistan,les Talibans entrent en sc\u00e8ne"},"content":{"rendered":"<div>\n<p class=\"has-text-align-center has-vivid-cyan-blue-color has-text-color\"><strong>Attendons pour voir\u2026<\/strong><\/p>\n<p class=\"has-black-color has-text-color\"><strong>Le d\u00e9part des troupes \u00e9trang\u00e8res apr\u00e8s vingt ann\u00e9es de pr\u00e9sence en Afghanistan ayant fait suite aux \u00ab\u00a0accords de paix\u00a0\u00bb conclus \u00e0 Doha, sous l\u2019\u00e9gide de Washington, entre le gouvernement de Kaboul et les Talibans, n\u2019a pas l\u2019air d\u2019\u00eatre \u00ab\u00a0une r\u00e9ussite\u00a0\u00bb.<\/strong><\/p>\n<p class=\"has-black-color has-text-color\">C\u2019est le moins que l\u2019on puisse dire quand on voit qu\u2019en s\u2019emparant de larges portions du territoire afghan, les insurg\u00e9s talibans font craindre un important assaut contre la capitale ou son a\u00e9roport, principale voie de sortie pour les ressortissants \u00e9trangers en Afghanistan.<\/p>\n<p class=\"has-black-color has-text-color\">Ainsi, \u00e0 en croire un diplomate occidental en poste \u00e0 Kaboul ayant requis l\u2019anonymat, en profitant du fait que, du 11 septembre au 4 Juillet dernier, les troupes am\u00e9ricaines et les forces alli\u00e9es ont acc\u00e9l\u00e9r\u00e9 leur retrait, les talibans ont opt\u00e9 pour \u00ab\u00a0une tactique de grignotage du pays\u00a0\u00bb\u00a0; une tactique qui, \u00e0 en croire Sahabuddin Delawar, un de leurs repr\u00e9sentants en visite la semaine derni\u00e8re \u00e0 Moscou, leur aurait permis de prendre possession de plus de 250 des 398 districts que compte le pays.<\/p>\n<p class=\"has-black-color has-text-color\">Pour confirmer leur progression, les insurg\u00e9s talibans qui visent, \u00e0 terme, \u00e0 encercler Kaboul, la capitale, et qui, depuis le 22 juin, contr\u00f4leraient la principale voie menant vers le Tadjikistan et constituant un axe n\u00e9vralgique pour les relations \u00e9conomiques avec l\u2019Asie centrale, diffusent chaque jour, sur les r\u00e9seaux sociaux, des vid\u00e9os confirmant la reddition des forces de police locales ou de soldats de l\u2019arm\u00e9e r\u00e9guli\u00e8re afghane.<\/p>\n<p class=\"has-black-color has-text-color\">Cette situation inqui\u00e8te fortement les pays \u00e9trangers. Raison pour laquelle l\u2019Inde a annonc\u00e9 avoir \u00e9vacu\u00e9 le personnel de son consulat \u00e0 Kandahar, cette grande ville du sud de l\u2019Afghanistan, nagu\u00e8re berceau et bastion historique des talibans, apr\u00e8s que la r\u00e9gion ait \u00e9t\u00e9 le th\u00e9\u00e2tre d\u2019intenses combats \u00e0 l\u2019issue desquels, au d\u00e9but du mois de Juillet, ces derniers se sont empar\u00e9s du district de Panjwai situ\u00e9 \u00e0 une quinzaine de kilom\u00e8tres de Kandahar.<\/p>\n<p class=\"has-black-color has-text-color\">Les combats qui font rage dans le nord de l\u2019Afghanistan ont, \u00e9galement, pouss\u00e9 la Russie \u00e0 fermer son consulat de Mazar-e-Sharif, capitale de la province de Balkh et un des principaux centres urbains afghans proches de la fronti\u00e8re avec l\u2019Ouzb\u00e9kistan, mais aussi P\u00e9kin \u00e0 \u00e9vacuer d\u00e9but-juillet 210 ressortissants chinois et \u00e0 conseiller aux autres de quitter l\u2019Afghanistan le plus rapidement possible.<\/p>\n<p class=\"has-black-color has-text-color\">Face \u00e0 l\u2019inqui\u00e9tude grandissante de la communaut\u00e9 internationale, le porte-parole des forces afghanes de s\u00e9curit\u00e9, Ajmal Omar Shinwari, a d\u00e9menti l\u2019affirmation selon laquelle les talibans contr\u00f4leraient 85% du territoire afghan, et le gouvernement de Kaboul a annonc\u00e9, ce dimanche 11 juillet, que pour prot\u00e9ger les installations a\u00e9roportuaires, il a d\u00e9ploy\u00e9 \u00e0 proximit\u00e9 de l\u2019a\u00e9roport de Kaboul, un important syst\u00e8me de d\u00e9fense a\u00e9rienne qui \u00ab\u00a0s\u2019est av\u00e9r\u00e9 utile \u00e0 travers le monde pour repousser les attaques de missiles et de roquettes\u00a0\u00bb et qui aurait \u00e9t\u00e9 offert \u00e0 l\u2019Afghanistan par ses \u00ab\u00a0amis \u00e9trangers\u00a0\u00bb.\u00a0<\/p>\n<p class=\"has-black-color has-text-color\">Pour rappel, la Turquie s\u2019\u00e9tait officiellement engag\u00e9e \u00e0 assurer la s\u00e9curit\u00e9 de l\u2019a\u00e9roport de Kaboul apr\u00e8s le d\u00e9part des troupes \u00e9trang\u00e8res d\u2019Afghanistan\u00a0; ce qui a \u00e9t\u00e9 confirm\u00e9, ce vendredi, par le pr\u00e9sident turc Recep Tayyip Erdogan lorsqu\u2019il a rappel\u00e9 qu\u2019Ankara et Washington se sont mis d\u2019accord sur les \u00ab\u00a0modalit\u00e9s\u00a0\u00bb de la future prise en charge de l\u2019a\u00e9roport de Kaboul par les forces turques.<\/p>\n<p class=\"has-black-color has-text-color\">Consid\u00e9rant, par ailleurs, que \u00ab\u00a0l\u2019escalade de la violence de la part du groupe terroriste taliban dans le pays et la propagation de la troisi\u00e8me vague du coronavirus ont cr\u00e9e un important d\u00e9sordre \u00e9conomique et social suscitant inqui\u00e9tudes et d\u00e9fis pour le peuple\u00a0\u00bb, le minist\u00e8re afghan des r\u00e9fugi\u00e9s et du rapatriement a appel\u00e9 les pays europ\u00e9ens \u00e0 cesser d\u2019expulser des migrants afghans durant les trois prochains mois du fait de l\u2019intensification des combats dans le pays et d\u00e9clar\u00e9 qu\u2019il n\u2019accepterait plus les \u00ab\u00a0retours forc\u00e9s\u00a0\u00bb de migrants de pays de l\u2019Union europ\u00e9enne ou de pays europ\u00e9ens hors UE avec lesquels Kaboul a conclu des accords de coop\u00e9ration en mati\u00e8re de migration.\u00a0\u00a0<\/p>\n<p class=\"has-black-color has-text-color\">Est-ce \u00e0 dire qu\u2019apr\u00e8s le d\u00e9part de l\u2019arm\u00e9e US et des soldats de l\u2019OTAN, ce sont les Talibans qui vont prendre les r\u00eanes de l\u2019Afghanistan\u00a0? Tout semble l\u2019indiquer, pour l\u2019heure, mais attendons pour voir\u2026<\/p>\n<p class=\"has-black-color has-text-color\"><strong><u>Nabil EL Bousaadi\u00a0<\/u><\/strong><\/p>\n<p>L\u2019article <a rel=\"nofollow\" href=\"http:\/\/albayane.press.ma\/apres-le-depart-des-armees-etrangeres-dafghanistanles-talibans-entrent-en-scene.html\">Apr\u00e8s le d\u00e9part des arm\u00e9es \u00e9trang\u00e8res d\u2019Afghanistan,les Talibans entrent en sc\u00e8ne<\/a> est apparu en premier sur <a rel=\"nofollow\" href=\"http:\/\/albayane.press.ma\/\">ALBAYANE<\/a>.<\/p>\n<\/div>\n<p>Auteur: M&rsquo;hammed rahal<br \/>\n<a href=\"http:\/\/albayane.press.ma\/apres-le-depart-des-armees-etrangeres-dafghanistanles-talibans-entrent-en-scene.html\">Cliquez ici pour lire l&rsquo;article depuis sa source.<\/a><\/p>\n","protected":false},"excerpt":{"rendered":"<p>Attendons pour voir\u2026 Le d\u00e9part des troupes \u00e9trang\u00e8res apr\u00e8s vingt ann\u00e9es de pr\u00e9sence en Afghanistan ayant fait suite aux \u00ab\u00a0accords de paix\u00a0\u00bb conclus \u00e0 Doha, sous l\u2019\u00e9gide de Washington, entre le gouvernement de Kaboul et les Talibans, n\u2019a pas l\u2019air d\u2019\u00eatre \u00ab\u00a0une r\u00e9ussite\u00a0\u00bb. C\u2019est le moins que l\u2019on puisse dire quand on voit qu\u2019en s\u2019emparant [&hellip;]<\/p>\n","protected":false},"author":1760,"featured_media":0,"comment_status":"closed","ping_status":"closed","sticky":false,"template":"","format":"standard","meta":{"fifu_image_url":"","fifu_image_alt":"","footnotes":""},"categories":[73,54],"tags":[],"class_list":["post-121352","post","type-post","status-publish","format-standard","hentry","category-actualite","category-maroc"],"_links":{"self":[{"href":"https:\/\/linitiative.ca\/International\/wp-json\/wp\/v2\/posts\/121352","targetHints":{"allow":["GET"]}}],"collection":[{"href":"https:\/\/linitiative.ca\/International\/wp-json\/wp\/v2\/posts"}],"about":[{"href":"https:\/\/linitiative.ca\/International\/wp-json\/wp\/v2\/types\/post"}],"author":[{"embeddable":true,"href":"https:\/\/linitiative.ca\/International\/wp-json\/wp\/v2\/users\/1760"}],"replies":[{"embeddable":true,"href":"https:\/\/linitiative.ca\/International\/wp-json\/wp\/v2\/comments?post=121352"}],"version-history":[{"count":0,"href":"https:\/\/linitiative.ca\/International\/wp-json\/wp\/v2\/posts\/121352\/revisions"}],"wp:attachment":[{"href":"https:\/\/linitiative.ca\/International\/wp-json\/wp\/v2\/media?parent=121352"}],"wp:term":[{"taxonomy":"category","embeddable":true,"href":"https:\/\/linitiative.ca\/International\/wp-json\/wp\/v2\/categories?post=121352"},{"taxonomy":"post_tag","embeddable":true,"href":"https:\/\/linitiative.ca\/International\/wp-json\/wp\/v2\/tags?post=121352"}],"curies":[{"name":"wp","href":"https:\/\/api.w.org\/{rel}","templated":true}]}}