{"id":121355,"date":"2021-07-13T18:11:37","date_gmt":"2021-07-13T22:11:37","guid":{"rendered":"https:\/\/linitiative.ca\/International\/covid-19-sm-le-roi-donne-ses-hautes-instructions-pour-lenvoi-dune-aide-medicale-durgence-a-la-tunisie\/"},"modified":"2021-07-13T18:11:37","modified_gmt":"2021-07-13T22:11:37","slug":"covid-19-sm-le-roi-donne-ses-hautes-instructions-pour-lenvoi-dune-aide-medicale-durgence-a-la-tunisie","status":"publish","type":"post","link":"https:\/\/linitiative.ca\/International\/covid-19-sm-le-roi-donne-ses-hautes-instructions-pour-lenvoi-dune-aide-medicale-durgence-a-la-tunisie\/","title":{"rendered":"COVID-19 : SM le Roi donne ses Hautes Instructions pour l\u2019envoi d\u2019une aide m\u00e9dicale d\u2019urgence \u00e0 la Tunisie"},"content":{"rendered":"<div>\n<div style=\"margin-bottom:20px;\"><img loading=\"lazy\" decoding=\"async\" width=\"750\" height=\"430\" src=\"https:\/\/linitiative.ca\/International\/wp-content\/uploads\/sites\/23\/2021\/07\/sm-le-roi.jpg\" class=\"attachment-post-thumbnail size-post-thumbnail wp-post-image\" alt=\"\" srcset=\"https:\/\/linitiative.ca\/International\/wp-content\/uploads\/sites\/23\/2021\/07\/sm-le-roi.jpg 750w, http:\/\/www.mapmarrakech.ma\/map\/uploads\/2021\/07\/sm-le-roi-300x172.jpg 300w\" sizes=\"auto, (max-width: 750px) 100vw, 750px\"><\/div>\n<p>L\u2019aide m\u00e9dicale ordonn\u00e9e par Sa Majest\u00e9 le Roi sera compos\u00e9e de deux unit\u00e9s de r\u00e9animation compl\u00e8tes et autonomes, dot\u00e9es d\u2019une capacit\u00e9 totale de 100 lits. Elle comprendra, en outre, 100 respirateurs et deux g\u00e9n\u00e9rateurs d\u2019oxyg\u00e8ne d\u2019une capacit\u00e9 de 33 m3\/heure chacun. L\u2019aide sera achemin\u00e9e par les avions des Forces Royales Air, pr\u00e9cise le minist\u00e8re.<\/p>\n<p>Cette d\u00e9cision de Sa Majest\u00e9 le Roi, Que Dieu L\u2019assiste, s\u2019inscrit dans le cadre des liens de solidarit\u00e9 active entre le Royaume du Maroc et la R\u00e9publique Tunisienne, ainsi que de la fraternit\u00e9 authentique qui unit les deux peuples fr\u00e8res.<\/p>\n<p>The post <a rel=\"nofollow\" href=\"http:\/\/www.mapmarrakech.ma\/fr\/covid-19-sm-le-roi-donne-ses-hautes-instructions-pour-lenvoi-dune-aide-medicale-durgence-a-la-tunisie\/\">COVID-19 : SM le Roi donne ses Hautes Instructions pour l\u2019envoi d\u2019une aide m\u00e9dicale d\u2019urgence \u00e0 la Tunisie<\/a> appeared first on <a rel=\"nofollow\" href=\"http:\/\/www.mapmarrakech.ma\/fr\">MapMarrakech<\/a>.<\/p>\n<\/div>\n<p>Auteur: Meriem IGASS<br \/>\n<a href=\"http:\/\/www.mapmarrakech.ma\/fr\/covid-19-sm-le-roi-donne-ses-hautes-instructions-pour-lenvoi-dune-aide-medicale-durgence-a-la-tunisie\/\">Cliquez ici pour lire l&rsquo;article depuis sa source.<\/a><\/p>\n","protected":false},"excerpt":{"rendered":"<p>L\u2019aide m\u00e9dicale ordonn\u00e9e par Sa Majest\u00e9 le Roi sera compos\u00e9e de deux unit\u00e9s de r\u00e9animation compl\u00e8tes et autonomes, dot\u00e9es d\u2019une capacit\u00e9 totale de 100 lits. Elle comprendra, en outre, 100 respirateurs et deux g\u00e9n\u00e9rateurs d\u2019oxyg\u00e8ne d\u2019une capacit\u00e9 de 33 m3\/heure chacun. L\u2019aide sera achemin\u00e9e par les avions des Forces Royales Air, pr\u00e9cise le minist\u00e8re. Cette [&hellip;]<\/p>\n","protected":false},"author":1788,"featured_media":0,"comment_status":"closed","ping_status":"closed","sticky":false,"template":"","format":"standard","meta":{"fifu_image_url":"http:\/\/www.mapmarrakech.ma\/map\/uploads\/2021\/07\/sm-le-roi.jpg","fifu_image_alt":"COVID-19 : SM le Roi donne ses Hautes Instructions pour l\u2019envoi d\u2019une aide m\u00e9dicale d\u2019urgence \u00e0 la Tunisie","footnotes":""},"categories":[54,76],"tags":[],"class_list":["post-121355","post","type-post","status-publish","format-standard","hentry","category-maroc","category-regions"],"_links":{"self":[{"href":"https:\/\/linitiative.ca\/International\/wp-json\/wp\/v2\/posts\/121355","targetHints":{"allow":["GET"]}}],"collection":[{"href":"https:\/\/linitiative.ca\/International\/wp-json\/wp\/v2\/posts"}],"about":[{"href":"https:\/\/linitiative.ca\/International\/wp-json\/wp\/v2\/types\/post"}],"author":[{"embeddable":true,"href":"https:\/\/linitiative.ca\/International\/wp-json\/wp\/v2\/users\/1788"}],"replies":[{"embeddable":true,"href":"https:\/\/linitiative.ca\/International\/wp-json\/wp\/v2\/comments?post=121355"}],"version-history":[{"count":0,"href":"https:\/\/linitiative.ca\/International\/wp-json\/wp\/v2\/posts\/121355\/revisions"}],"wp:attachment":[{"href":"https:\/\/linitiative.ca\/International\/wp-json\/wp\/v2\/media?parent=121355"}],"wp:term":[{"taxonomy":"category","embeddable":true,"href":"https:\/\/linitiative.ca\/International\/wp-json\/wp\/v2\/categories?post=121355"},{"taxonomy":"post_tag","embeddable":true,"href":"https:\/\/linitiative.ca\/International\/wp-json\/wp\/v2\/tags?post=121355"}],"curies":[{"name":"wp","href":"https:\/\/api.w.org\/{rel}","templated":true}]}}