{"id":121359,"date":"2021-07-14T09:09:36","date_gmt":"2021-07-14T13:09:36","guid":{"rendered":"https:\/\/linitiative.ca\/International\/vague-de-chaleur-du-vendredi-au-dimanche\/"},"modified":"2021-07-14T09:09:36","modified_gmt":"2021-07-14T13:09:36","slug":"vague-de-chaleur-du-vendredi-au-dimanche","status":"publish","type":"post","link":"https:\/\/linitiative.ca\/International\/vague-de-chaleur-du-vendredi-au-dimanche\/","title":{"rendered":"Vague de chaleur du vendredi au dimanche"},"content":{"rendered":"<div>\n<div style=\"margin-bottom:20px;\"><img loading=\"lazy\" decoding=\"async\" width=\"750\" height=\"430\" src=\"https:\/\/linitiative.ca\/International\/wp-content\/uploads\/sites\/23\/2021\/07\/soleil-2-1.jpg\" class=\"attachment-post-thumbnail size-post-thumbnail wp-post-image\" alt=\"\" srcset=\"https:\/\/linitiative.ca\/International\/wp-content\/uploads\/sites\/23\/2021\/07\/soleil-2-1.jpg 750w, http:\/\/www.mapmarrakech.ma\/map\/uploads\/2021\/07\/soleil-2-300x172.jpg 300w\" sizes=\"auto, (max-width: 750px) 100vw, 750px\"><\/div>\n<p>Ainsi, des temp\u00e9ratures variant entre 41 et 45\u00b0C concerneront vendredi Beni Mellal, Chichaoua, El Kelaa des Sraghna, Essaouira, Fquih Ben Salah, Guelmim, Khemisset, Khenifra, Khouribga, Marrakech, Moulay Yacoub, Ouezzane, Rehamna, Settat, Sidi Kacem, Sidi Slimane, Taounate et Youssoufia, a pr\u00e9cis\u00e9 la DGM dans un bulletin d\u2019alerte m\u00e9t\u00e9orologique faisant \u00e9tat d\u2019un niveau de vigilance orange.<\/p>\n<p>Du vendredi au dimanche, les temp\u00e9ratures oscilleront entre 42 et 46\u00b0C dans les provinces d\u2019Assa-Zag, Errachidia, Es-Semara, Taroudant, Tata et Zagora, a ajout\u00e9 la m\u00eame source.<\/p>\n<p>The post <a rel=\"nofollow\" href=\"http:\/\/www.mapmarrakech.ma\/fr\/vague-de-chaleur-du-vendredi-au-dimanche\/\">Vague de chaleur du vendredi au dimanche<\/a> appeared first on <a rel=\"nofollow\" href=\"http:\/\/www.mapmarrakech.ma\/fr\">MapMarrakech<\/a>.<\/p>\n<\/div>\n<p>Auteur: Meriem IGASS<br \/>\n<a href=\"http:\/\/www.mapmarrakech.ma\/fr\/vague-de-chaleur-du-vendredi-au-dimanche\/\">Cliquez ici pour lire l&rsquo;article depuis sa source.<\/a><\/p>\n","protected":false},"excerpt":{"rendered":"<p>Ainsi, des temp\u00e9ratures variant entre 41 et 45\u00b0C concerneront vendredi Beni Mellal, Chichaoua, El Kelaa des Sraghna, Essaouira, Fquih Ben Salah, Guelmim, Khemisset, Khenifra, Khouribga, Marrakech, Moulay Yacoub, Ouezzane, Rehamna, Settat, Sidi Kacem, Sidi Slimane, Taounate et Youssoufia, a pr\u00e9cis\u00e9 la DGM dans un bulletin d\u2019alerte m\u00e9t\u00e9orologique faisant \u00e9tat d\u2019un niveau de vigilance orange. Du [&hellip;]<\/p>\n","protected":false},"author":1788,"featured_media":0,"comment_status":"closed","ping_status":"closed","sticky":false,"template":"","format":"standard","meta":{"fifu_image_url":"http:\/\/www.mapmarrakech.ma\/map\/uploads\/2021\/07\/soleil-2.jpg","fifu_image_alt":"Vague de chaleur du vendredi au dimanche","footnotes":""},"categories":[54,76],"tags":[],"class_list":["post-121359","post","type-post","status-publish","format-standard","hentry","category-maroc","category-regions"],"_links":{"self":[{"href":"https:\/\/linitiative.ca\/International\/wp-json\/wp\/v2\/posts\/121359","targetHints":{"allow":["GET"]}}],"collection":[{"href":"https:\/\/linitiative.ca\/International\/wp-json\/wp\/v2\/posts"}],"about":[{"href":"https:\/\/linitiative.ca\/International\/wp-json\/wp\/v2\/types\/post"}],"author":[{"embeddable":true,"href":"https:\/\/linitiative.ca\/International\/wp-json\/wp\/v2\/users\/1788"}],"replies":[{"embeddable":true,"href":"https:\/\/linitiative.ca\/International\/wp-json\/wp\/v2\/comments?post=121359"}],"version-history":[{"count":0,"href":"https:\/\/linitiative.ca\/International\/wp-json\/wp\/v2\/posts\/121359\/revisions"}],"wp:attachment":[{"href":"https:\/\/linitiative.ca\/International\/wp-json\/wp\/v2\/media?parent=121359"}],"wp:term":[{"taxonomy":"category","embeddable":true,"href":"https:\/\/linitiative.ca\/International\/wp-json\/wp\/v2\/categories?post=121359"},{"taxonomy":"post_tag","embeddable":true,"href":"https:\/\/linitiative.ca\/International\/wp-json\/wp\/v2\/tags?post=121359"}],"curies":[{"name":"wp","href":"https:\/\/api.w.org\/{rel}","templated":true}]}}