{"id":121361,"date":"2021-07-14T09:45:10","date_gmt":"2021-07-14T13:45:10","guid":{"rendered":"https:\/\/linitiative.ca\/International\/le-fus-rabat-affronte-le-kawkab-marrakech-en-finale\/"},"modified":"2021-07-14T09:45:10","modified_gmt":"2021-07-14T13:45:10","slug":"le-fus-rabat-affronte-le-kawkab-marrakech-en-finale","status":"publish","type":"post","link":"https:\/\/linitiative.ca\/International\/le-fus-rabat-affronte-le-kawkab-marrakech-en-finale\/","title":{"rendered":"Le FUS Rabat affronte le Kawkab Marrakech en finale"},"content":{"rendered":"<div>\n<div style=\"margin-bottom:20px;\"><img loading=\"lazy\" decoding=\"async\" width=\"750\" height=\"430\" src=\"https:\/\/linitiative.ca\/International\/wp-content\/uploads\/sites\/23\/2021\/07\/basket-.jpg\" class=\"attachment-post-thumbnail size-post-thumbnail wp-post-image\" alt=\"\" srcset=\"https:\/\/linitiative.ca\/International\/wp-content\/uploads\/sites\/23\/2021\/07\/basket-.jpg 750w, http:\/\/www.mapmarrakech.ma\/map\/uploads\/2021\/07\/basket--300x172.jpg 300w\" sizes=\"auto, (max-width: 750px) 100vw, 750px\"><\/div>\n<p>Le FUS a valid\u00e9 son billet pour la finale en battant l\u2019AS Sal\u00e9 79-57 en demi-finale disput\u00e9e mardi \u00e0 la salle Al Massira \u00e0 Mekn\u00e8s.<\/p>\n<p>A la salle Ibn Rochd de Rabat, le KACM a d\u00e9croch\u00e9 son ticket en \u00e9liminant le Maghreb de F\u00e8s (72-67).<\/p>\n<p>L\u2019AS FAR avait remport\u00e9 l\u2019\u00e9dition 2018-2019, en s\u2019imposant en finale face \u00e0 l\u2019AS Sal\u00e9 sur le score de 87 \u00e0 81, soit son deuxi\u00e8me titre dans cette comp\u00e9tition apr\u00e8s celui glan\u00e9 lors de la saison 1986-1987.<\/p>\n<p>L\u2019AS Sal\u00e9 est le club le plus titr\u00e9 en Coupe du Tr\u00f4ne, avec 11 titres (2005, 2007, 2009, 2010, 2011, 2012, 2014, 2015, 2016, 2017 et 2018).<\/p>\n<p>Le FUS s\u2019\u00e9tait adjug\u00e9 le troph\u00e9e huit fois, en 1972, 1977, 1981, 1982, 1985, 1991, 2002 et 2004.<\/p>\n<p>The post <a rel=\"nofollow\" href=\"http:\/\/www.mapmarrakech.ma\/fr\/le-fus-rabat-affronte-le-kawkab-marrakech-en-finale\/\">Le FUS Rabat affronte le Kawkab Marrakech en finale<\/a> appeared first on <a rel=\"nofollow\" href=\"http:\/\/www.mapmarrakech.ma\/fr\">MapMarrakech<\/a>.<\/p>\n<\/div>\n<p>Auteur: Meriem IGASS<br \/>\n<a href=\"http:\/\/www.mapmarrakech.ma\/fr\/le-fus-rabat-affronte-le-kawkab-marrakech-en-finale\/\">Cliquez ici pour lire l&rsquo;article depuis sa source.<\/a><\/p>\n","protected":false},"excerpt":{"rendered":"<p>Le FUS a valid\u00e9 son billet pour la finale en battant l\u2019AS Sal\u00e9 79-57 en demi-finale disput\u00e9e mardi \u00e0 la salle Al Massira \u00e0 Mekn\u00e8s. A la salle Ibn Rochd de Rabat, le KACM a d\u00e9croch\u00e9 son ticket en \u00e9liminant le Maghreb de F\u00e8s (72-67). L\u2019AS FAR avait remport\u00e9 l\u2019\u00e9dition 2018-2019, en s\u2019imposant en finale [&hellip;]<\/p>\n","protected":false},"author":1788,"featured_media":0,"comment_status":"closed","ping_status":"closed","sticky":false,"template":"","format":"standard","meta":{"fifu_image_url":"http:\/\/www.mapmarrakech.ma\/map\/uploads\/2021\/07\/basket-.jpg","fifu_image_alt":"Le FUS Rabat affronte le Kawkab Marrakech en finale","footnotes":""},"categories":[54,76],"tags":[],"class_list":["post-121361","post","type-post","status-publish","format-standard","hentry","category-maroc","category-regions"],"_links":{"self":[{"href":"https:\/\/linitiative.ca\/International\/wp-json\/wp\/v2\/posts\/121361","targetHints":{"allow":["GET"]}}],"collection":[{"href":"https:\/\/linitiative.ca\/International\/wp-json\/wp\/v2\/posts"}],"about":[{"href":"https:\/\/linitiative.ca\/International\/wp-json\/wp\/v2\/types\/post"}],"author":[{"embeddable":true,"href":"https:\/\/linitiative.ca\/International\/wp-json\/wp\/v2\/users\/1788"}],"replies":[{"embeddable":true,"href":"https:\/\/linitiative.ca\/International\/wp-json\/wp\/v2\/comments?post=121361"}],"version-history":[{"count":0,"href":"https:\/\/linitiative.ca\/International\/wp-json\/wp\/v2\/posts\/121361\/revisions"}],"wp:attachment":[{"href":"https:\/\/linitiative.ca\/International\/wp-json\/wp\/v2\/media?parent=121361"}],"wp:term":[{"taxonomy":"category","embeddable":true,"href":"https:\/\/linitiative.ca\/International\/wp-json\/wp\/v2\/categories?post=121361"},{"taxonomy":"post_tag","embeddable":true,"href":"https:\/\/linitiative.ca\/International\/wp-json\/wp\/v2\/tags?post=121361"}],"curies":[{"name":"wp","href":"https:\/\/api.w.org\/{rel}","templated":true}]}}