{"id":121367,"date":"2021-07-14T07:47:08","date_gmt":"2021-07-14T11:47:08","guid":{"rendered":"https:\/\/linitiative.ca\/International\/la-vague-de-chaleur-se-prolonge\/"},"modified":"2021-07-14T07:47:08","modified_gmt":"2021-07-14T11:47:08","slug":"la-vague-de-chaleur-se-prolonge","status":"publish","type":"post","link":"https:\/\/linitiative.ca\/International\/la-vague-de-chaleur-se-prolonge\/","title":{"rendered":"La vague de chaleur se prolonge"},"content":{"rendered":"<div>\n<div class=\"field field-name-body field-type-text-with-summary field-label-hidden\">\n<div class=\"field-items\">\n<div class=\"field-item even\" property=\"content:encoded\">\n<p class=\"rtejustify\">La vague de chaleur continue en fin de semaine. A partir de vendredi, une vague de chaleur touchera plusieurs provinces du Royaume jusqu&rsquo;au dimanche, a annonc\u00e9 mercredi la Direction g\u00e9n\u00e9rale de la m\u00e9t\u00e9orologie (DGM). Des temp\u00e9ratures varieront entre 41 et 45\u00b0C et concerneront plusieurs provinces vendred:\u00a0Beni Mellal, Chichaoua, El Kelaa des Sraghna, Essaouira, Fquih Ben Salah, Guelmim, Khemisset, Khenifra, Khouribga, Marrakech, Moulay Yacoub, Ouezzane, Rehamna, Settat, Sidi Kacem, Sidi Slimane, Taounate et Youssoufia.<\/p>\n<\/div>\n<\/div>\n<\/div>\n<\/div>\n<p>Auteur: hgueye<br \/>\n<a href=\"https:\/\/www.leconomiste.com\/flash-infos\/la-vague-de-chaleur-se-prolonge\">Cliquez ici pour lire l&rsquo;article depuis sa source.<\/a><\/p>\n","protected":false},"excerpt":{"rendered":"<p>La vague de chaleur continue en fin de semaine. A partir de vendredi, une vague de chaleur touchera plusieurs provinces du Royaume jusqu&rsquo;au dimanche, a annonc\u00e9 mercredi la Direction g\u00e9n\u00e9rale de la m\u00e9t\u00e9orologie (DGM). Des temp\u00e9ratures varieront entre 41 et 45\u00b0C et concerneront plusieurs provinces vendred:\u00a0Beni Mellal, Chichaoua, El Kelaa des Sraghna, Essaouira, Fquih Ben [&hellip;]<\/p>\n","protected":false},"author":1763,"featured_media":0,"comment_status":"closed","ping_status":"closed","sticky":false,"template":"","format":"standard","meta":{"fifu_image_url":"","fifu_image_alt":"","footnotes":""},"categories":[78,54],"tags":[],"class_list":["post-121367","post","type-post","status-publish","format-standard","hentry","category-economie","category-maroc"],"_links":{"self":[{"href":"https:\/\/linitiative.ca\/International\/wp-json\/wp\/v2\/posts\/121367","targetHints":{"allow":["GET"]}}],"collection":[{"href":"https:\/\/linitiative.ca\/International\/wp-json\/wp\/v2\/posts"}],"about":[{"href":"https:\/\/linitiative.ca\/International\/wp-json\/wp\/v2\/types\/post"}],"author":[{"embeddable":true,"href":"https:\/\/linitiative.ca\/International\/wp-json\/wp\/v2\/users\/1763"}],"replies":[{"embeddable":true,"href":"https:\/\/linitiative.ca\/International\/wp-json\/wp\/v2\/comments?post=121367"}],"version-history":[{"count":0,"href":"https:\/\/linitiative.ca\/International\/wp-json\/wp\/v2\/posts\/121367\/revisions"}],"wp:attachment":[{"href":"https:\/\/linitiative.ca\/International\/wp-json\/wp\/v2\/media?parent=121367"}],"wp:term":[{"taxonomy":"category","embeddable":true,"href":"https:\/\/linitiative.ca\/International\/wp-json\/wp\/v2\/categories?post=121367"},{"taxonomy":"post_tag","embeddable":true,"href":"https:\/\/linitiative.ca\/International\/wp-json\/wp\/v2\/tags?post=121367"}],"curies":[{"name":"wp","href":"https:\/\/api.w.org\/{rel}","templated":true}]}}