{"id":12137,"date":"2019-02-07T07:04:00","date_gmt":"2019-02-07T12:04:00","guid":{"rendered":"https:\/\/linitiative.ca\/International\/magic-tour-m15-monastir-lalgerien-makhlouf-dans-la-liste-dattente\/"},"modified":"2019-02-07T07:04:00","modified_gmt":"2019-02-07T12:04:00","slug":"magic-tour-m15-monastir-lalgerien-makhlouf-dans-la-liste-dattente","status":"publish","type":"post","link":"https:\/\/linitiative.ca\/International\/magic-tour-m15-monastir-lalgerien-makhlouf-dans-la-liste-dattente\/","title":{"rendered":"Magic tour \u00a0\u00bbM15 Monastir\u00a0\u00bb: l&rsquo;Alg\u00e9rien Makhlouf dans la liste d&rsquo;attente"},"content":{"rendered":"<div>\n<div class=\"K2FeedImage\"><img decoding=\"async\" src=\"http:\/\/www.aps.dz\/media\/k2\/items\/cache\/01dd02b94a9cfdcc8de182a905cd338b_S.jpg\" alt=\"Magic tour ''M15 Monastir'': l'Alg\u00e9rien Makhlouf dans la liste d'attente\"><\/div>\n<div class=\"K2FeedIntroText\">\n<p><strong>TUNIS &#8211; Le tennisman alg\u00e9rien <a href=\"http:\/\/www.aps.dz\/sport\/84430-tennis-magic-tour-m15-monastir-l-algerien-makhlouf-dans-la-liste-d-attente\" target=\"_blank\" rel=\"noopener noreferrer\">Nazim Makhlouf<\/a> est dans la liste d&rsquo;attente du tournoi international \u00a0\u00bbPro circuit ITF M15 Monastir\u00a0\u00bb, pr\u00e9vu du 11 au 17 f\u00e9vrier en Tunisie, selon la feuille des participants d\u00e9voil\u00e9e jeudi par les organisateurs.<\/strong><\/p>\n<\/div>\n<div class=\"K2FeedFullText\">\n<p>Makhlouf (1162e ITF), champion d&rsquo;Alg\u00e9rie seniors en titre, se trouve actuellement au 23e rang de la liste d&rsquo;attente qui compte 279 candidats.<\/p>\n<hr>\n<h3>Lire aussi:\u00a0<a href=\"http:\/\/www.aps.dz\/sport\/84855-tennis-magic-tour-m15-monastir-l-algerienne-benaissa-retenue-pour-les-qualifications\" target=\"_blank\" rel=\"noopener noreferrer\">Tennis \/ Magic tour \u00a0\u00bbM15 Monastir\u00a0\u00bb : l&rsquo;Alg\u00e9rienne Bena\u00efssa retenue pour les qualifications<\/a><\/h3>\n<hr>\n<p>Le tournoi, dot\u00e9 d&rsquo;un prize-money de 15.000 dollars, sera disput\u00e9 sur des courts en surface rapide.<\/p>\n<p>L&rsquo;Alg\u00e9rien reste sur une \u00e9limination d\u00e8s le premier tour du tournoi \u00a0\u00bbPro circuit ITF M15 Monastir\u00a0\u00bb qui se dispute actuellement sur les m\u00eames lieux, contre la t\u00eate de s\u00e9rie N.1 du tableau des qualifications, le Fran\u00e7ais Corentin Denolly (6-2, 6-3).<\/p>\n<\/div>\n<p><img loading=\"lazy\" decoding=\"async\" src=\"http:\/\/feeds.feedburner.com\/~r\/aps-sport\/~4\/hcq0jymwGFw\" height=\"1\" width=\"1\" alt=\"\"><\/div>\n","protected":false},"excerpt":{"rendered":"<p>TUNIS &#8211; Le tennisman alg\u00e9rien Nazim Makhlouf est dans la liste d&rsquo;attente du tournoi international \u00a0\u00bbPro circuit ITF M15 Monastir\u00a0\u00bb, pr\u00e9vu du 11 au 17 f\u00e9vrier en Tunisie, selon la feuille des participants d\u00e9voil\u00e9e jeudi par les organisateurs. Makhlouf (1162e ITF), champion d&rsquo;Alg\u00e9rie seniors en titre, se trouve actuellement au 23e rang de la liste [&hellip;]<\/p>\n","protected":false},"author":1790,"featured_media":12138,"comment_status":"closed","ping_status":"closed","sticky":false,"template":"","format":"standard","meta":{"fifu_image_url":"","fifu_image_alt":"","footnotes":""},"categories":[53,75],"tags":[],"class_list":["post-12137","post","type-post","status-publish","format-standard","has-post-thumbnail","hentry","category-algerie","category-sport"],"_links":{"self":[{"href":"https:\/\/linitiative.ca\/International\/wp-json\/wp\/v2\/posts\/12137","targetHints":{"allow":["GET"]}}],"collection":[{"href":"https:\/\/linitiative.ca\/International\/wp-json\/wp\/v2\/posts"}],"about":[{"href":"https:\/\/linitiative.ca\/International\/wp-json\/wp\/v2\/types\/post"}],"author":[{"embeddable":true,"href":"https:\/\/linitiative.ca\/International\/wp-json\/wp\/v2\/users\/1790"}],"replies":[{"embeddable":true,"href":"https:\/\/linitiative.ca\/International\/wp-json\/wp\/v2\/comments?post=12137"}],"version-history":[{"count":0,"href":"https:\/\/linitiative.ca\/International\/wp-json\/wp\/v2\/posts\/12137\/revisions"}],"wp:featuredmedia":[{"embeddable":true,"href":"https:\/\/linitiative.ca\/International\/wp-json\/"}],"wp:attachment":[{"href":"https:\/\/linitiative.ca\/International\/wp-json\/wp\/v2\/media?parent=12137"}],"wp:term":[{"taxonomy":"category","embeddable":true,"href":"https:\/\/linitiative.ca\/International\/wp-json\/wp\/v2\/categories?post=12137"},{"taxonomy":"post_tag","embeddable":true,"href":"https:\/\/linitiative.ca\/International\/wp-json\/wp\/v2\/tags?post=12137"}],"curies":[{"name":"wp","href":"https:\/\/api.w.org\/{rel}","templated":true}]}}