{"id":121371,"date":"2021-07-14T12:01:53","date_gmt":"2021-07-14T16:01:53","guid":{"rendered":"https:\/\/linitiative.ca\/International\/lamssnur-designee-1er-centre-collaborateur-africain-de-laiea\/"},"modified":"2021-07-14T12:01:53","modified_gmt":"2021-07-14T16:01:53","slug":"lamssnur-designee-1er-centre-collaborateur-africain-de-laiea","status":"publish","type":"post","link":"https:\/\/linitiative.ca\/International\/lamssnur-designee-1er-centre-collaborateur-africain-de-laiea\/","title":{"rendered":"L&rsquo;AMSSNuR d\u00e9sign\u00e9e 1er centre collaborateur africain de l\u2019AIEA"},"content":{"rendered":"<div>\n<div class=\"field field-name-body field-type-text-with-summary field-label-hidden\">\n<div class=\"field-items\">\n<div class=\"field-item even\" property=\"content:encoded\">\n<p class=\"rtejustify\">C\u2019est officiel. L\u2019Agence marocaine de s\u00fbret\u00e9 et de s\u00e9curit\u00e9 nucl\u00e9aires et radiologiques (AMSSNuR) est d\u00e9sign\u00e9e le 1er centre collaborateur africain de l\u2019Agence internationale de l\u2019\u00e9nergie atomique (AIEA). Un accord dans ce sens a \u00e9t\u00e9 sign\u00e9, mardi \u00e0 Vienne, par les deux parties en pr\u00e9sence notamment de Lydie Evrard, Directrice g\u00e9n\u00e9rale adjointe, Chef de la Division de la s\u00fbret\u00e9 et de la s\u00e9curit\u00e9 nucl\u00e9aires \u00e0 l\u2019AIEA. Lors de la c\u00e9r\u00e9monie de signature, il a \u00e9t\u00e9 remis \u00e0 Khammar MRABIT, directeur g\u00e9n\u00e9ral d\u2019AMSSNuR, la plaque de \u00ab Centre Collaborateur \u00bb.<\/p>\n<\/div>\n<\/div>\n<\/div>\n<\/div>\n<p>Auteur: hgueye<br \/>\n<a href=\"https:\/\/www.leconomiste.com\/flash-infos\/l-amssnur-designee-1er-centre-collaborateur-africain-de-l-aiea\">Cliquez ici pour lire l&rsquo;article depuis sa source.<\/a><\/p>\n","protected":false},"excerpt":{"rendered":"<p>C\u2019est officiel. L\u2019Agence marocaine de s\u00fbret\u00e9 et de s\u00e9curit\u00e9 nucl\u00e9aires et radiologiques (AMSSNuR) est d\u00e9sign\u00e9e le 1er centre collaborateur africain de l\u2019Agence internationale de l\u2019\u00e9nergie atomique (AIEA). Un accord dans ce sens a \u00e9t\u00e9 sign\u00e9, mardi \u00e0 Vienne, par les deux parties en pr\u00e9sence notamment de Lydie Evrard, Directrice g\u00e9n\u00e9rale adjointe, Chef de la Division [&hellip;]<\/p>\n","protected":false},"author":1763,"featured_media":0,"comment_status":"closed","ping_status":"closed","sticky":false,"template":"","format":"standard","meta":{"fifu_image_url":"","fifu_image_alt":"","footnotes":""},"categories":[78,54],"tags":[],"class_list":["post-121371","post","type-post","status-publish","format-standard","hentry","category-economie","category-maroc"],"_links":{"self":[{"href":"https:\/\/linitiative.ca\/International\/wp-json\/wp\/v2\/posts\/121371","targetHints":{"allow":["GET"]}}],"collection":[{"href":"https:\/\/linitiative.ca\/International\/wp-json\/wp\/v2\/posts"}],"about":[{"href":"https:\/\/linitiative.ca\/International\/wp-json\/wp\/v2\/types\/post"}],"author":[{"embeddable":true,"href":"https:\/\/linitiative.ca\/International\/wp-json\/wp\/v2\/users\/1763"}],"replies":[{"embeddable":true,"href":"https:\/\/linitiative.ca\/International\/wp-json\/wp\/v2\/comments?post=121371"}],"version-history":[{"count":0,"href":"https:\/\/linitiative.ca\/International\/wp-json\/wp\/v2\/posts\/121371\/revisions"}],"wp:attachment":[{"href":"https:\/\/linitiative.ca\/International\/wp-json\/wp\/v2\/media?parent=121371"}],"wp:term":[{"taxonomy":"category","embeddable":true,"href":"https:\/\/linitiative.ca\/International\/wp-json\/wp\/v2\/categories?post=121371"},{"taxonomy":"post_tag","embeddable":true,"href":"https:\/\/linitiative.ca\/International\/wp-json\/wp\/v2\/tags?post=121371"}],"curies":[{"name":"wp","href":"https:\/\/api.w.org\/{rel}","templated":true}]}}