{"id":121375,"date":"2021-07-14T11:00:00","date_gmt":"2021-07-14T15:00:00","guid":{"rendered":"https:\/\/linitiative.ca\/International\/la-presse-bresilienne-detruit-thiago-silva\/"},"modified":"2021-07-14T11:00:00","modified_gmt":"2021-07-14T15:00:00","slug":"la-presse-bresilienne-detruit-thiago-silva","status":"publish","type":"post","link":"https:\/\/linitiative.ca\/International\/la-presse-bresilienne-detruit-thiago-silva\/","title":{"rendered":"La presse br\u00e9silienne d\u00e9truit Thiago Silva"},"content":{"rendered":"<div>Thiago Silva n\u2019a pas appr\u00e9ci\u00e9 les critiques envers la s\u00e9lection br\u00e9silienne, apr\u00e8s sa d\u00e9faite en finale face \u00e0 l\u2019Argentine (1-0).<img loading=\"lazy\" decoding=\"async\" src=\"http:\/\/feeds.feedburner.com\/~r\/GalerieFArtciles\/~4\/HNTgyvyxUhY\" height=\"1\" width=\"1\" alt=\"\"><\/div>\n<p>Auteur:<br \/>\n<a href=\"http:\/\/www.lebuteur.com\/article\/detail?titre=la-presse-bresilienne-detruit-thiago-silva&#038;id=100629&#038;utm_source=feedburner&#038;utm_medium=feed&#038;utm_campaign=Feed%3A+GalerieFArtciles+%28Les+derniers+articles++-+lebuteur.com%29\">Cliquez ici pour lire l&rsquo;article depuis sa source.<\/a><\/p>\n","protected":false},"excerpt":{"rendered":"<p>Thiago Silva n\u2019a pas appr\u00e9ci\u00e9 les critiques envers la s\u00e9lection br\u00e9silienne, apr\u00e8s sa d\u00e9faite en finale face \u00e0 l\u2019Argentine (1-0). Auteur: Cliquez ici pour lire l&rsquo;article depuis sa source.<\/p>\n","protected":false},"author":1738,"featured_media":0,"comment_status":"closed","ping_status":"closed","sticky":false,"template":"","format":"standard","meta":{"fifu_image_url":"http:\/\/feeds.feedburner.com\/~r\/GalerieFArtciles\/~4\/HNTgyvyxUhY","fifu_image_alt":"La presse br\u00e9silienne d\u00e9truit Thiago Silva","footnotes":""},"categories":[53,75],"tags":[],"class_list":["post-121375","post","type-post","status-publish","format-standard","hentry","category-algerie","category-sport"],"_links":{"self":[{"href":"https:\/\/linitiative.ca\/International\/wp-json\/wp\/v2\/posts\/121375","targetHints":{"allow":["GET"]}}],"collection":[{"href":"https:\/\/linitiative.ca\/International\/wp-json\/wp\/v2\/posts"}],"about":[{"href":"https:\/\/linitiative.ca\/International\/wp-json\/wp\/v2\/types\/post"}],"author":[{"embeddable":true,"href":"https:\/\/linitiative.ca\/International\/wp-json\/wp\/v2\/users\/1738"}],"replies":[{"embeddable":true,"href":"https:\/\/linitiative.ca\/International\/wp-json\/wp\/v2\/comments?post=121375"}],"version-history":[{"count":0,"href":"https:\/\/linitiative.ca\/International\/wp-json\/wp\/v2\/posts\/121375\/revisions"}],"wp:attachment":[{"href":"https:\/\/linitiative.ca\/International\/wp-json\/wp\/v2\/media?parent=121375"}],"wp:term":[{"taxonomy":"category","embeddable":true,"href":"https:\/\/linitiative.ca\/International\/wp-json\/wp\/v2\/categories?post=121375"},{"taxonomy":"post_tag","embeddable":true,"href":"https:\/\/linitiative.ca\/International\/wp-json\/wp\/v2\/tags?post=121375"}],"curies":[{"name":"wp","href":"https:\/\/api.w.org\/{rel}","templated":true}]}}